{"id":107852,"date":"2025-12-16T12:59:13","date_gmt":"2025-12-16T12:59:13","guid":{"rendered":"https:\/\/www.europesays.com\/se\/107852\/"},"modified":"2025-12-16T12:59:13","modified_gmt":"2025-12-16T12:59:13","slug":"gynning-forsvarar-film-fran-dotterns-luciatag","status":"publish","type":"post","link":"https:\/\/www.europesays.com\/se\/107852\/","title":{"rendered":"Gynning f\u00f6rsvarar film fr\u00e5n dotterns luciat\u00e5g"},"content":{"rendered":"<p>Carolina Gynning kritiseras f\u00f6r att ha lagt upp en film fr\u00e5n dotterns luciat\u00e5g p\u00e5 Instagram, skriver Aftonbladet. I kommentarerna p\u00e5pekar f\u00f6ljare att andra barn syns och att en del kan ha skyddad identitet.<\/p>\n<p>I ett inl\u00e4gg bem\u00f6ter Gynning kritiken och skriver att hon velat dela ett gl\u00e4djefyllt \u00f6gonblick.<\/p>\n<p>\u201dJag upplever att debatten ibland blir onyanserad, d\u00e4r f\u00f6r\u00e4ldrar skuldbel\u00e4ggs trots att de agerar med omtanke och respekt.\u201d<\/p>\n<p>Dotterns pappa Viktor Philipson kallar kritiken \u201df\u00f6r j\u00e4vlig\u201d i en video p\u00e5 Instagram, enligt Expressen. Han menar att det \u00e4r \u201dfullkomligt idiotiskt\u201d med skolor som har fotof\u00f6rbud p\u00e5 luciafiranden eller inte l\u00e5ter f\u00f6r\u00e4ldrar delta.<\/p>\n<p>\u201dOm det \u00e4r ett barn med skyddad identitet d\u00e5 beh\u00f6ver den inte vara med i luciat\u00e5get eller s\u00e5 kan man ha tomtesk\u00e4gg p\u00e5 sig\u201d.<\/p>\n<p>Omni \u00e4r politiskt obundna och oberoende. Vi str\u00e4var efter att ge fler perspektiv p\u00e5 nyheterna. Har du fr\u00e5gor eller synpunkter kring v\u00e5r rapportering? <a href=\"https:\/\/omni.se\/gynning-forsvarar-film-fran-dotterns-luciatag\/a\/mailto:redaktion@omni.se\" class=\"ArticleActions_contactLink__W2F1M\" rel=\"nofollow noopener\" target=\"_blank\">Kontakta redaktionen<\/a><\/p>\n","protected":false},"excerpt":{"rendered":"Carolina Gynning kritiseras f\u00f6r att ha lagt upp en film fr\u00e5n dotterns luciat\u00e5g p\u00e5 Instagram, skriver Aftonbladet. I&hellip;\n","protected":false},"author":2,"featured_media":107853,"comment_status":"","ping_status":"","sticky":false,"template":"","format":"standard","meta":{"footnotes":""},"categories":[67],"tags":[223,12019,104,1221,34,982,31,33,32,30,105],"class_list":{"0":"post-107852","1":"post","2":"type-post","3":"status-publish","4":"format-standard","5":"has-post-thumbnail","7":"category-underhallning","8":"tag-barn-unga","9":"tag-carolina-gynning","10":"tag-entertainment","11":"tag-foraldraskap","12":"tag-se","13":"tag-skola-utbildning","14":"tag-svenska","15":"tag-sverige","16":"tag-sweden","17":"tag-swedish","18":"tag-underhallning"},"share_on_mastodon":{"url":"https:\/\/pubeurope.com\/@se\/115729371377202495","error":""},"_links":{"self":[{"href":"https:\/\/www.europesays.com\/se\/wp-json\/wp\/v2\/posts\/107852","targetHints":{"allow":["GET"]}}],"collection":[{"href":"https:\/\/www.europesays.com\/se\/wp-json\/wp\/v2\/posts"}],"about":[{"href":"https:\/\/www.europesays.com\/se\/wp-json\/wp\/v2\/types\/post"}],"author":[{"embeddable":true,"href":"https:\/\/www.europesays.com\/se\/wp-json\/wp\/v2\/users\/2"}],"replies":[{"embeddable":true,"href":"https:\/\/www.europesays.com\/se\/wp-json\/wp\/v2\/comments?post=107852"}],"version-history":[{"count":0,"href":"https:\/\/www.europesays.com\/se\/wp-json\/wp\/v2\/posts\/107852\/revisions"}],"wp:featuredmedia":[{"embeddable":true,"href":"https:\/\/www.europesays.com\/se\/wp-json\/wp\/v2\/media\/107853"}],"wp:attachment":[{"href":"https:\/\/www.europesays.com\/se\/wp-json\/wp\/v2\/media?parent=107852"}],"wp:term":[{"taxonomy":"category","embeddable":true,"href":"https:\/\/www.europesays.com\/se\/wp-json\/wp\/v2\/categories?post=107852"},{"taxonomy":"post_tag","embeddable":true,"href":"https:\/\/www.europesays.com\/se\/wp-json\/wp\/v2\/tags?post=107852"}],"curies":[{"name":"wp","href":"https:\/\/api.w.org\/{rel}","templated":true}]}}