{"id":107869,"date":"2025-12-16T13:12:19","date_gmt":"2025-12-16T13:12:19","guid":{"rendered":"https:\/\/www.europesays.com\/se\/107869\/"},"modified":"2025-12-16T13:12:19","modified_gmt":"2025-12-16T13:12:19","slug":"svenska-utslappen-rusade-forra-aret-diesel-bakom-historisk-okning","status":"publish","type":"post","link":"https:\/\/www.europesays.com\/se\/107869\/","title":{"rendered":"Svenska utsl\u00e4ppen rusade f\u00f6rra \u00e5ret \u2013 diesel bakom historisk \u00f6kning"},"content":{"rendered":"<p>Sveriges utsl\u00e4pp av v\u00e4xthusgaser \u00f6kade med drygt sju procent f\u00f6rra \u00e5ret. Det \u00e4r en av de st\u00f6rsta \u00f6kningarna sedan 1990, enligt Naturv\u00e5rdsverket.<\/p>\n<p>\u00d6kningen beror framf\u00f6rallt p\u00e5 en \u00f6kad anv\u00e4ndning av diesel i v\u00e4gtrafiken och av arbetsmaskiner. <\/p>\n<p>Roger Sedin, chef p\u00e5 Klimatm\u00e5lsenheten p\u00e5 Naturv\u00e5rdsverket s\u00e4ger i ett pressmeddelande att en trend med minskande utsl\u00e4pp som p\u00e5g\u00e5tt i 15 \u00e5r \u00e4r bruten, och att \u00f6kningen g\u00f6r det sv\u00e5rt f\u00f6r Sverige att n\u00e5 sina klimat\u00e5taganden till 2030. <\/p>\n<p>Omni \u00e4r politiskt obundna och oberoende. Vi str\u00e4var efter att ge fler perspektiv p\u00e5 nyheterna. Har du fr\u00e5gor eller synpunkter kring v\u00e5r rapportering? <a href=\"https:\/\/omni.se\/stora-okningar-av-svenska-utslapp\/a\/mailto:redaktion@omni.se\" class=\"ArticleActions_contactLink__W2F1M\" rel=\"nofollow noopener\" target=\"_blank\">Kontakta redaktionen<\/a><\/p>\n","protected":false},"excerpt":{"rendered":"Sveriges utsl\u00e4pp av v\u00e4xthusgaser \u00f6kade med drygt sju procent f\u00f6rra \u00e5ret. Det \u00e4r en av de st\u00f6rsta \u00f6kningarna&hellip;\n","protected":false},"author":2,"featured_media":107870,"comment_status":"","ping_status":"","sticky":false,"template":"","format":"standard","meta":{"footnotes":""},"categories":[5],"tags":[22,23,26,27,17,21,528,940,24,25,28,29,11031,15,16,18,34,31,33,32,30,19,20],"class_list":{"0":"post-107869","1":"post","2":"type-post","3":"status-publish","4":"format-standard","5":"has-post-thumbnail","7":"category-rubriker","8":"tag-breaking-news","9":"tag-breakingnews","10":"tag-featured-news","11":"tag-featurednews","12":"tag-headlines","13":"tag-huvudnyheter","14":"tag-klimat-miljo","15":"tag-klimathotet","16":"tag-latest-news","17":"tag-latestnews","18":"tag-main-news","19":"tag-mainnews","20":"tag-naturvardsverket","21":"tag-news","22":"tag-nyheter","23":"tag-rubriker","24":"tag-se","25":"tag-svenska","26":"tag-sverige","27":"tag-sweden","28":"tag-swedish","29":"tag-top-stories","30":"tag-topstories"},"share_on_mastodon":{"url":"https:\/\/pubeurope.com\/@se\/115729422273194546","error":""},"_links":{"self":[{"href":"https:\/\/www.europesays.com\/se\/wp-json\/wp\/v2\/posts\/107869","targetHints":{"allow":["GET"]}}],"collection":[{"href":"https:\/\/www.europesays.com\/se\/wp-json\/wp\/v2\/posts"}],"about":[{"href":"https:\/\/www.europesays.com\/se\/wp-json\/wp\/v2\/types\/post"}],"author":[{"embeddable":true,"href":"https:\/\/www.europesays.com\/se\/wp-json\/wp\/v2\/users\/2"}],"replies":[{"embeddable":true,"href":"https:\/\/www.europesays.com\/se\/wp-json\/wp\/v2\/comments?post=107869"}],"version-history":[{"count":0,"href":"https:\/\/www.europesays.com\/se\/wp-json\/wp\/v2\/posts\/107869\/revisions"}],"wp:featuredmedia":[{"embeddable":true,"href":"https:\/\/www.europesays.com\/se\/wp-json\/wp\/v2\/media\/107870"}],"wp:attachment":[{"href":"https:\/\/www.europesays.com\/se\/wp-json\/wp\/v2\/media?parent=107869"}],"wp:term":[{"taxonomy":"category","embeddable":true,"href":"https:\/\/www.europesays.com\/se\/wp-json\/wp\/v2\/categories?post=107869"},{"taxonomy":"post_tag","embeddable":true,"href":"https:\/\/www.europesays.com\/se\/wp-json\/wp\/v2\/tags?post=107869"}],"curies":[{"name":"wp","href":"https:\/\/api.w.org\/{rel}","templated":true}]}}