{"id":107875,"date":"2025-12-16T13:17:21","date_gmt":"2025-12-16T13:17:21","guid":{"rendered":"https:\/\/www.europesays.com\/se\/107875\/"},"modified":"2025-12-16T13:17:21","modified_gmt":"2025-12-16T13:17:21","slug":"forandrat-producentansvar-for-elutrustning-och-nya-rapporteringsregler-for-insamling-av-elavfall","status":"publish","type":"post","link":"https:\/\/www.europesays.com\/se\/107875\/","title":{"rendered":"F\u00f6r\u00e4ndrat producentansvar f\u00f6r elutrustning och nya rapporteringsregler f\u00f6r insamling av elavfall"},"content":{"rendered":"<p>Det f\u00f6resl\u00e5s ocks\u00e5 \u00e4ndrade rapporteringsregler f\u00f6r insamling och behandling av avfall. Syftet \u00e4r att p\u00e5 ett b\u00e4ttre s\u00e4tt f\u00e5nga upp de olika str\u00f6mmarna f\u00f6r elavfall f\u00f6r att f\u00e5 en mer tillf\u00f6rlitlig statistik som kan ligga till grund f\u00f6r ber\u00e4kningen av insamlingsm\u00e5let f\u00f6r elavfall.<\/p>\n<p>\u00c4ndringarna om producentansvar \u00e4r ett led i genomf\u00f6randet av EU:s WEEE-direktiv och de \u00e4ndrade rapporteringsbest\u00e4mmelserna \u00e4r en \u00e5tg\u00e4rd f\u00f6r att f\u00e5 en b\u00e4ttre statistik som kan ligga till grund f\u00f6r ber\u00e4kningen av insamlingsm\u00e5let i WEEE-direktivet.<\/p>\n<p>\u00c4ndringarna f\u00f6resl\u00e5s tr\u00e4da i kraft den 1 juni 2026.<\/p>\n","protected":false},"excerpt":{"rendered":"Det f\u00f6resl\u00e5s ocks\u00e5 \u00e4ndrade rapporteringsregler f\u00f6r insamling och behandling av avfall. Syftet \u00e4r att p\u00e5 ett b\u00e4ttre s\u00e4tt&hellip;\n","protected":false},"author":2,"featured_media":67452,"comment_status":"","ping_status":"","sticky":false,"template":"","format":"standard","meta":{"footnotes":""},"categories":[65],"tags":[72,70,71,34,31,33,32,30],"class_list":{"0":"post-107875","1":"post","2":"type-post","3":"status-publish","4":"format-standard","5":"has-post-thumbnail","7":"category-ekonomi","8":"tag-business","9":"tag-economy","10":"tag-ekonomi","11":"tag-se","12":"tag-svenska","13":"tag-sverige","14":"tag-sweden","15":"tag-swedish"},"share_on_mastodon":{"url":"https:\/\/pubeurope.com\/@se\/115729441957625932","error":""},"_links":{"self":[{"href":"https:\/\/www.europesays.com\/se\/wp-json\/wp\/v2\/posts\/107875","targetHints":{"allow":["GET"]}}],"collection":[{"href":"https:\/\/www.europesays.com\/se\/wp-json\/wp\/v2\/posts"}],"about":[{"href":"https:\/\/www.europesays.com\/se\/wp-json\/wp\/v2\/types\/post"}],"author":[{"embeddable":true,"href":"https:\/\/www.europesays.com\/se\/wp-json\/wp\/v2\/users\/2"}],"replies":[{"embeddable":true,"href":"https:\/\/www.europesays.com\/se\/wp-json\/wp\/v2\/comments?post=107875"}],"version-history":[{"count":0,"href":"https:\/\/www.europesays.com\/se\/wp-json\/wp\/v2\/posts\/107875\/revisions"}],"wp:featuredmedia":[{"embeddable":true,"href":"https:\/\/www.europesays.com\/se\/wp-json\/wp\/v2\/media\/67452"}],"wp:attachment":[{"href":"https:\/\/www.europesays.com\/se\/wp-json\/wp\/v2\/media?parent=107875"}],"wp:term":[{"taxonomy":"category","embeddable":true,"href":"https:\/\/www.europesays.com\/se\/wp-json\/wp\/v2\/categories?post=107875"},{"taxonomy":"post_tag","embeddable":true,"href":"https:\/\/www.europesays.com\/se\/wp-json\/wp\/v2\/tags?post=107875"}],"curies":[{"name":"wp","href":"https:\/\/api.w.org\/{rel}","templated":true}]}}