{"id":107880,"date":"2025-12-16T13:22:10","date_gmt":"2025-12-16T13:22:10","guid":{"rendered":"https:\/\/www.europesays.com\/se\/107880\/"},"modified":"2025-12-16T13:22:10","modified_gmt":"2025-12-16T13:22:10","slug":"vet-inte-ett-skit-om-det","status":"publish","type":"post","link":"https:\/\/www.europesays.com\/se\/107880\/","title":{"rendered":"\u201dVet inte ett skit om det\u201d"},"content":{"rendered":"<p><img loading=\"lazy\"   alt=\"\"\/><\/p>\n<p>Linn Lundstr\u00f6m, svensk f\u00f6rbundskapten<\/p>\n<p>Foto: Per Wiklund<\/p>\n<p>\u00d6ppna bild i helsk\u00e4rm<img loading=\"lazy\"   alt=\"\"\/><\/p>\n<p>Sara Attermo \u00e4r expert i Innebandycentralen och \u00e4ven i n\u00e5gra av SSL:s s\u00e4ndningar.<\/p>\n<p>Foto: Innebandycentralen<\/p>\n<p>\u00d6ppna bild i helsk\u00e4rm<img loading=\"lazy\"   alt=\"\"\/><\/p>\n<p>Det var deppiga svenska spelare som l\u00e4mnade Tjeckien under m\u00e5ndagen.<\/p>\n<p>Foto: Vaclav Mikulik \/ www.floorbal.sport<\/p>\n<p>\u00d6ppna bild i helsk\u00e4rm<\/p>\n<p>15 raka herrm\u00e4sterskap med medalj.<\/p>\n<p>14 raka damm\u00e4sterskap med medalj.<\/p>\n<p>Artikeln i korthet<\/p>\n<p> Sveriges damlandslag i innebandy missade medalj f\u00f6r f\u00f6rsta g\u00e5ngen \u2013 stor besvikelse och sj\u00e4lvkritik.<\/p>\n<p> F\u00f6rbundskaptenen Linn Lundstr\u00f6m kritiseras h\u00e5rt, men f\u00f6rsvarar sin stab mot personangrepp.<\/p>\n<p> Interna arbetsmilj\u00f6problem st\u00f6rde laget under VM.<\/p>\n<p> Grundlig utv\u00e4rdering v\u00e4ntar \u2013 Lundstr\u00f6m os\u00e4ker p\u00e5 framtiden.<\/p>\n<p>Visa mer<\/p>\n<p>I det 30:e innebandy-VM:et genom historien blev det <a href=\"https:\/\/www.expressen.se\/sport\/innebandy\/schweiz-chockstart-pa-vm-semifinalen-sverige-i-chock\/\" rel=\"nofollow noopener\" target=\"_blank\">ett kolossalt bl\u00e5gult fiasko med en fj\u00e4rdeplats.<\/a><\/p>\n<p>I st\u00e4llet f\u00f6r guldfest avslutade det svenska laget tiden i Tjeckien med en stillsam middag.<\/p>\n<p>\u2013 Det var m\u00e5nga t\u00e5rar, mycket ilska och frustration. Men solen g\u00e5r upp n\u00e4sta dag ocks\u00e5, s\u00e4ger Linn Lundstr\u00f6m.<\/p>\n<p>Expressen pratar med henne efter en l\u00e5ng t\u00e5gresa fr\u00e5n Ostrava till Wien i \u00d6sterrike.<\/p>\n<p>D\u00e4rifr\u00e5n flyger landslaget hem via Norge.<\/p>\n<p>\u2013 Jag m\u00e5r skit just nu. Man simmar p\u00e5 botten. Det \u00e4r oerh\u00f6rt tungt. Man \u00e4r superbesviken. Framf\u00f6r allt \u00e4r jag j\u00e4tteledsen f\u00f6r v\u00e5ra fantastiska spelare som vi bevisligen inte lyckades pegga upp f\u00f6r p\u00e5 r\u00e4tt s\u00e4tt. Det finns massa saker som vi k\u00e4nner att vi kunde ha gjort b\u00e4ttre.<\/p>\n<p>\u201dL\u00e4gger oss platt \u2013 f\u00f6r d\u00e5ligt\u201d<\/p>\n<p>Sverige brukar g\u00e5 fram som en sl\u00e5ttermaskin i VM-sammanhang.<\/p>\n<p>Denna g\u00e5ng vann de bl\u00e5gula bara tre av sex matcher.<\/p>\n<p>Rekordd\u00e5ligt.<\/p>\n<p>Det stora haveriet skedde i semifinalen d\u00e4r Sverige var chansl\u00f6st mot ett kontringsstarkt Schweiz.<\/p>\n<p>\u2013\u00a0Vi kommer inte upp i niv\u00e5 och det blev bekl\u00e4mmande tydligt d\u00e4r. Den matchen kl\u00e4mmer h\u00e5rt nu, s\u00e4ger Linn Lundstr\u00f6m.<\/p>\n<p><img loading=\"lazy\"   alt=\"\"\/><\/p>\n<p>Lundstr\u00f6m i samband med att hon presenterades som ny f\u00f6rbundskapten v\u00e5ren 2024.<\/p>\n<p>Foto: PER WIKLUND \/ BILDBYR\u00c5N<\/p>\n<p>\u00d6ppna bild i helsk\u00e4rm<\/p>\n<p>Taktiken d\u00e4r har i efterhand s\u00e5gats som naiv.<\/p>\n<p>Linn Lundstr\u00f6m anv\u00e4nder samma ord f\u00f6r att beskriva spelet i den matchen.<\/p>\n<p>\u2013 Sverige har tidigare varit bra p\u00e5 att luckra upp f\u00f6rsvar, men nu f\u00e5r vi l\u00e4gga oss platt och inse att vi inte klarade av det. Det \u00e4r f\u00f6r d\u00e5ligt.\u00a0<\/p>\n<p><strong>S\u00e5 h\u00e4r i efterhand: Var det h\u00f6ga presspelet verkligen r\u00e4tt taktik att ha mot Schweiz?<\/strong><\/p>\n<p>\u2013 Med facit i hand, nej. Och det \u00e4r p\u00e5 oss ledare. Vi ville f\u00f6ra spelet med boll mot dem men hamnade i en riktigt d\u00e5lig sits som vi inte kunde reda ut. Vi var f\u00f6r naiva. Vi trodde vi skulle klara det. Spelarna har trott p\u00e5 det och gjort sitt b\u00e4sta. Ingen skugga ska falla \u00f6ver dem. De \u00e4r grymma.<\/p>\n<p><strong>\u00d6verskattade ni hur bra ni \u00e4r med boll?<\/strong><\/p>\n<p>\u2013 Jag tror inte det. Jag har h\u00f6rt av andra nationer att de tycker det \u00e4r k\u00e4mpigt n\u00e4r vi f\u00e5r tr\u00e4ff i det.<\/p>\n<p><strong>Vad hade varit en b\u00e4ttre taktik mot Schweiz?<\/strong><\/p>\n<p>Annons<\/p>\n<p>\u2013 Att spela som de andra nationerna. L\u00e4mna \u00f6ver initiativet och mer fokusera p\u00e5 hur vi ska f\u00f6rsvara.<\/p>\n<p>Lundstr\u00f6ms svar till Attermo<\/p>\n<p><a href=\"https:\/\/www.expressen.se\/sport\/innebandy\/ingen-ska-ha-kvar-jobbet-nar-planet-landar-i-sverige\/\" rel=\"nofollow noopener\" target=\"_blank\">Sara Attermo, damexpert hos Innebandycentralen, kapade Linn Lundstr\u00f6m och det svenska spelet vid fotkn\u00f6larna efter semifinalutt\u00e5get.<\/a>\u00a0<\/p>\n<p>Orden var h\u00e5rda.<\/p>\n<p>Och de har inte undg\u00e5tt Linn Lundstr\u00f6m.<\/p>\n<p>\u2013 Hon har r\u00e4tt till sin \u00e5sikt, men jag k\u00e4nner att hon kastar mycket skit omkring sig. Jag kan tycka att det \u00e4r l\u00e4ttvindigt och\u201a i hennes expertroll, faktiskt oproffsigt.<\/p>\n<p>Linn Lundstr\u00f6m syftar till Sara Attermos s\u00e5gning av f\u00f6rbundskaptenens stab d\u00e4r hon satte fr\u00e5getecken f\u00f6r deras kompetens och hur de f\u00e5tt sina roller.<\/p>\n<p>\u2013 Jag fattar att jag f\u00e5r skiten eftersom jag har huvudansvaret. Jag h\u00e5ller med om att det \u00e4r fiaskod\u00e5ligt. S\u00e5 hon f\u00e5r g\u00e4rna s\u00e5ga mig. \u201dK\u00f6r p\u00e5, Sara!\u201d\u00a0<\/p>\n<p>\u2013 Men l\u00e4gg av att kasta skit p\u00e5 individer som du inte har koll p\u00e5. Hon vet inte ett skit om deras kompetens och kvaliteter. Hon beh\u00f6ver se sig i spegeln d\u00e4r och skaffa sig b\u00e4ttre koll. Hon har all r\u00e4tt att kritisera resultatet och det hon ser, men ge fan i att h\u00e4nga ut dem!<\/p>\n<p><img loading=\"lazy\"   alt=\"\"\/><\/p>\n<p>Linn Lundstr\u00f6m tillsammans med assisterande f\u00f6rbundskapten Joel Rauswall.<\/p>\n<p>Foto: Vaclav Mikulik \/ www.floorball.sport<\/p>\n<p>\u00d6ppna bild i helsk\u00e4rm<\/p>\n<p>Sara Attermo \u00e4r l\u00e5ngtifr\u00e5n den enda som kritiserat Linn Lundstr\u00f6m efter turneringen.<\/p>\n<p>F\u00f6rbundskaptenen \u2013 som bland annat f\u00e5tt h\u00f6ra att hon \u00e4r f\u00f6r orutinerad f\u00f6r uppdraget \u2013 erk\u00e4nner att det tar p\u00e5 henne.<\/p>\n<p>\u2013 Det vore konstigt annars. Jag upplever mig sj\u00e4lv som en sj\u00e4lvkritisk och sj\u00e4lvreflekterande individ. Jag tycker inte jag har hybris, men jag tycker att jag kan mycket innebandy. Men det r\u00e4ckte uppenbarligen inte till f\u00f6r att vi skulle ta oss dit vi ville. Men allt var inte klappkasst.\u00a0<\/p>\n<p><strong>Vad t\u00e4nker du p\u00e5 mest s\u00e5 h\u00e4r efter\u00e5t: Att spelet inte funkade, den utbredda kritik du har f\u00e5tt eller din egen framtid?<\/strong><\/p>\n<p>\u2013 Jag funderar mest p\u00e5 saker som vi kunde gjort annorlunda. Som person p\u00e5verkas jag av den v\u00e4ldigt starka kritiken som finns mot mig, men mitt liv kommer g\u00e5 vidare \u00e4nd\u00e5. Jag kommer \u00f6verleva. Men jag \u00e4r lite naggad energim\u00e4ssigt.\u00a0<\/p>\n<p>\u201dN\u00e5gra skav eskalerade under VM\u201d<\/p>\n<p>Det som ocks\u00e5 st\u00f6rde under VM var att det fanns distraktioner i bakgrunden.<\/p>\n<p>N\u00e5got som Linn Lundstr\u00f6m lyfte fram lite kryptiskt i SVT efter bronsmatchen.<\/p>\n<p>Annons<\/p>\n<p>Hon vill fortfarande inte g\u00e5 in i detalj p\u00e5 vad det handlade om men s\u00e4ger att de st\u00f6rsta skaven inte r\u00f6rde spelartruppen. Det har i st\u00e4llet handlat om arbetsmilj\u00f6dynamiken.<\/p>\n<p>\u2013 Det har varit f\u00f6r m\u00e5nga saker som skavt. Det har funnits n\u00e5gra (skav) \u00f6ver tid och n\u00e5gra (skav) har eskalerat under VM. S\u00e5 det fanns en frustration p\u00e5 insidan som inte handlar om det innebandym\u00e4ssiga. Det har funnits skav d\u00e4r jag \u00f6nskar att jag hade tagit andra beslut. Hur vi har jobbat med det kring laget har st\u00f6rt oss.<\/p>\n<p><strong>Hur mycket p\u00e5verkade det er under VM?<\/strong><\/p>\n<p>\u2013 Jag vet att det p\u00e5verkat arbetsmilj\u00f6n och klimatet. Om resultaten har att g\u00f6ra med det \u00e4r om\u00f6jligt att s\u00e4ga.\u00a0<\/p>\n<p>Under m\u00e5ndagskv\u00e4llen splittras VM-truppen efter n\u00e4sta tv\u00e5 veckor tillsammans.<\/p>\n<p>Spelare och ledare \u00e5ker tillbaka till respektive klubblag.<\/p>\n<p>F\u00f6r Linn Lundstr\u00f6m b\u00e4r det av hem till Ume\u00e5. Hem till sambo och tv\u00e5 mindre barn som \u00e4ven var nere i Tjeckien som en del av en svensk hejarklack.<\/p>\n<p>\u2013 Jag har inte lyckats skaka av mig den v\u00e4rsta besvikelsen \u00e4n. Vi \u00e4r ju kvar i VM-bubblan.<\/p>\n<p>Hon tror \u2013 resultaten till trots \u2013 att hon kan f\u00e5 en fin jul d\u00e4r hon kan koppla bort det som h\u00e4nde nere i Tjeckien.<\/p>\n<p>\u2013 Jag kommer s\u00e4kert vara k\u00e4nslom\u00e4ssig av och till, men det k\u00e4nns fint att f\u00e5 fira med de som betyder mest. Samla lite kraft och l\u00e5ta andra delar i livet ta plats. Den b\u00e4sta medicinen \u00e4r ju barn. De erbjuder perspektiv i livet.<\/p>\n<p><img loading=\"lazy\"   alt=\"\"\/><\/p>\n<p>Efter nio raka VM-guld blev det en fj\u00e4rdeplats denna g\u00e5ng.<\/p>\n<p>Foto: Matej Pasek \/ www.floorbal.sport<\/p>\n<p>\u00d6ppna bild i helsk\u00e4rm<\/p>\n<p>Om Linn Lundstr\u00f6m \u00e4r kvar som f\u00f6rbundskapten n\u00e4r n\u00e4sta resa mot VM 2027 rullar i g\u00e5ng n\u00e5gon g\u00e5ng under 2026 vet hon inte i nul\u00e4get.<\/p>\n<p>M\u00e5nga har kr\u00e4vt hennes avg\u00e5ng.<\/p>\n<p>\u2013 Det \u00e4r svintr\u00e5kigt att h\u00f6ra, men jag f\u00f6rst\u00e5r det ocks\u00e5. Det ing\u00e5r i spelets regler. Jag \u00e4r p\u00e5 papperet huvudansvarig s\u00e5 mycket skit ska falla p\u00e5 mig. Det \u00e4r fullt rimligt om f\u00f6rbundet g\u00e5r en annan v\u00e4g.\u00a0<\/p>\n<p>Grundlig VM-utredning v\u00e4ntar<\/p>\n<p>Att Sverige nu \u00e4r v\u00e4rldsm\u00e4stare p\u00e5 varken herr- eller damsidan beh\u00f6ver analyseras.<\/p>\n<p><a href=\"https:\/\/www.expressen.se\/sport\/innebandy\/ingen-ska-ha-kvar-jobbet-nar-planet-landar-i-sverige\/\" rel=\"nofollow noopener\" target=\"_blank\">Vad som gick snett i detta m\u00e4sterskap kommer att utredas grundligt. Det har Joakim Lindstr\u00f6m, utvecklingschef p\u00e5 Svenska Innebandyf\u00f6rbundet, tidigare meddelat.<\/a><\/p>\n<p>Linn Lundstr\u00f6m st\u00e4ller sig v\u00e4ldigt positiv till det.<\/p>\n<p>\u2013 Jag \u00e4r den f\u00f6rsta att v\u00e4lkomna en utv\u00e4rdering av spelid\u00e9n j\u00e4mf\u00f6rt med de andra nationernas, av prestationen och av vad vi fick till och inte fick till i lagbygget. Om det trots det h\u00e4r finns f\u00f6rtroende kvar f\u00f6r mig f\u00e5r vi se vad det inneb\u00e4r.<\/p>\n<p>Hon k\u00e4nner inte att Sverige fick ut s\u00e5 mycket det g\u00e5r att f\u00e5 ut under hennes ledarskap.<\/p>\n<p>\u2013 Jag tror inte vi har f\u00e5tt ut det b\u00e4sta av laget och spelet. Jag kan ju inte lova andra resultat fram\u00f6ver, men jag ser saker som vi kunde ha gjort annorlunda och saker som jag \u00e4r \u00e5ngerfull \u00f6ver. S\u00e5 jag blir sugen p\u00e5 att g\u00f6ra det igen, men det \u00e4r inte mitt beslut.\u00a0<\/p>\n<p><strong>Du t\u00e4nker inte kliva av sj\u00e4lvmant?<\/strong><\/p>\n<p>\u2013 Det beror nog p\u00e5 hur utv\u00e4rderingen lyder.<\/p>\n<p><strong>L\u00c4S MER: <\/strong><a href=\"https:\/\/www.expressen.se\/sport\/innebandy\/ingen-ska-ha-kvar-jobbet-nar-planet-landar-i-sverige\/\" class=\"\" rel=\"nofollow noopener\" target=\"_blank\">\u201dIngen ska ha kvar jobbet n\u00e4r planet landar i Sverige\u201d<\/a>SVERIGE I DAM-VM GENOM TIDERNA<\/p>\n<p><strong>1997: Guld<\/strong><\/p>\n<p>1999: Brons<\/p>\n<p>2001: Silver<\/p>\n<p><strong>2003: Guld<\/strong><\/p>\n<p>2005: Brons<\/p>\n<p><strong>2007: Guld<\/strong><\/p>\n<p><strong>2009: Guld<\/strong><\/p>\n<p><strong>2011: Guld<\/strong><\/p>\n<p><strong>2013: Guld<\/strong><\/p>\n<p><strong>2015: Guld<\/strong><\/p>\n<p><strong>2017: Guld<\/strong><\/p>\n<p><strong>2019: Guld<\/strong><\/p>\n<p><strong>2021: Guld<\/strong><\/p>\n<p><strong>2023: Guld<\/strong><\/p>\n<p>2025: Fyra<\/p>\n<p>Visa mer<\/p>\n","protected":false},"excerpt":{"rendered":"Linn Lundstr\u00f6m, svensk f\u00f6rbundskapten Foto: Per Wiklund \u00d6ppna bild i helsk\u00e4rm Sara Attermo \u00e4r expert i Innebandycentralen och&hellip;\n","protected":false},"author":2,"featured_media":107881,"comment_status":"","ping_status":"","sticky":false,"template":"","format":"standard","meta":{"footnotes":""},"categories":[68],"tags":[11829,34,725,111,110,31,33,32,30],"class_list":{"0":"post-107880","1":"post","2":"type-post","3":"status-publish","4":"format-standard","5":"has-post-thumbnail","7":"category-sport","8":"tag-organization-sveriges-damlandslag-i-innebandy","9":"tag-se","10":"tag-sections-innebandy","11":"tag-sport","12":"tag-sports","13":"tag-svenska","14":"tag-sverige","15":"tag-sweden","16":"tag-swedish"},"share_on_mastodon":{"url":"https:\/\/pubeurope.com\/@se\/115729461821530838","error":""},"_links":{"self":[{"href":"https:\/\/www.europesays.com\/se\/wp-json\/wp\/v2\/posts\/107880","targetHints":{"allow":["GET"]}}],"collection":[{"href":"https:\/\/www.europesays.com\/se\/wp-json\/wp\/v2\/posts"}],"about":[{"href":"https:\/\/www.europesays.com\/se\/wp-json\/wp\/v2\/types\/post"}],"author":[{"embeddable":true,"href":"https:\/\/www.europesays.com\/se\/wp-json\/wp\/v2\/users\/2"}],"replies":[{"embeddable":true,"href":"https:\/\/www.europesays.com\/se\/wp-json\/wp\/v2\/comments?post=107880"}],"version-history":[{"count":0,"href":"https:\/\/www.europesays.com\/se\/wp-json\/wp\/v2\/posts\/107880\/revisions"}],"wp:featuredmedia":[{"embeddable":true,"href":"https:\/\/www.europesays.com\/se\/wp-json\/wp\/v2\/media\/107881"}],"wp:attachment":[{"href":"https:\/\/www.europesays.com\/se\/wp-json\/wp\/v2\/media?parent=107880"}],"wp:term":[{"taxonomy":"category","embeddable":true,"href":"https:\/\/www.europesays.com\/se\/wp-json\/wp\/v2\/categories?post=107880"},{"taxonomy":"post_tag","embeddable":true,"href":"https:\/\/www.europesays.com\/se\/wp-json\/wp\/v2\/tags?post=107880"}],"curies":[{"name":"wp","href":"https:\/\/api.w.org\/{rel}","templated":true}]}}