{"id":107884,"date":"2025-12-16T13:25:20","date_gmt":"2025-12-16T13:25:20","guid":{"rendered":"https:\/\/www.europesays.com\/se\/107884\/"},"modified":"2025-12-16T13:25:20","modified_gmt":"2025-12-16T13:25:20","slug":"kofta-for-barn-aterkallas-risk-for-kvavning","status":"publish","type":"post","link":"https:\/\/www.europesays.com\/se\/107884\/","title":{"rendered":"Kofta f\u00f6r barn \u00e5terkallas \u2013 risk f\u00f6r kv\u00e4vning"},"content":{"rendered":"<p>Barnkoftan \u201dMelina star\u201d fr\u00e5n l\u00e5gpriskl\u00e4dbutiken Lager 157 har knappar som kan lossna och inneb\u00e4r d\u00e4rmed livsfara f\u00f6r sm\u00e5 barn, skriver TT.<\/p>\n<p>Sm\u00e5 barn riskerar att kv\u00e4vas enligt Konsumentverket som har beslutat att varan ska \u00e5terkallas. <\/p>\n<p>Omni \u00e4r politiskt obundna och oberoende. Vi str\u00e4var efter att ge fler perspektiv p\u00e5 nyheterna. Har du fr\u00e5gor eller synpunkter kring v\u00e5r rapportering? <a href=\"https:\/\/omni.se\/kofta-for-barn-aterkallas-risk-for-kvavning\/a\/mailto:redaktion@omni.se\" class=\"ArticleActions_contactLink__W2F1M\" rel=\"nofollow noopener\" target=\"_blank\">Kontakta redaktionen<\/a><\/p>\n","protected":false},"excerpt":{"rendered":"Barnkoftan \u201dMelina star\u201d fr\u00e5n l\u00e5gpriskl\u00e4dbutiken Lager 157 har knappar som kan lossna och inneb\u00e4r d\u00e4rmed livsfara f\u00f6r sm\u00e5&hellip;\n","protected":false},"author":2,"featured_media":107885,"comment_status":"","ping_status":"","sticky":false,"template":"","format":"standard","meta":{"footnotes":""},"categories":[65],"tags":[72,70,71,2104,34,31,33,32,30],"class_list":{"0":"post-107884","1":"post","2":"type-post","3":"status-publish","4":"format-standard","5":"has-post-thumbnail","7":"category-ekonomi","8":"tag-business","9":"tag-economy","10":"tag-ekonomi","11":"tag-konsumentverket","12":"tag-se","13":"tag-svenska","14":"tag-sverige","15":"tag-sweden","16":"tag-swedish"},"share_on_mastodon":{"url":"https:\/\/pubeurope.com\/@se\/115729473425378846","error":""},"_links":{"self":[{"href":"https:\/\/www.europesays.com\/se\/wp-json\/wp\/v2\/posts\/107884","targetHints":{"allow":["GET"]}}],"collection":[{"href":"https:\/\/www.europesays.com\/se\/wp-json\/wp\/v2\/posts"}],"about":[{"href":"https:\/\/www.europesays.com\/se\/wp-json\/wp\/v2\/types\/post"}],"author":[{"embeddable":true,"href":"https:\/\/www.europesays.com\/se\/wp-json\/wp\/v2\/users\/2"}],"replies":[{"embeddable":true,"href":"https:\/\/www.europesays.com\/se\/wp-json\/wp\/v2\/comments?post=107884"}],"version-history":[{"count":0,"href":"https:\/\/www.europesays.com\/se\/wp-json\/wp\/v2\/posts\/107884\/revisions"}],"wp:featuredmedia":[{"embeddable":true,"href":"https:\/\/www.europesays.com\/se\/wp-json\/wp\/v2\/media\/107885"}],"wp:attachment":[{"href":"https:\/\/www.europesays.com\/se\/wp-json\/wp\/v2\/media?parent=107884"}],"wp:term":[{"taxonomy":"category","embeddable":true,"href":"https:\/\/www.europesays.com\/se\/wp-json\/wp\/v2\/categories?post=107884"},{"taxonomy":"post_tag","embeddable":true,"href":"https:\/\/www.europesays.com\/se\/wp-json\/wp\/v2\/tags?post=107884"}],"curies":[{"name":"wp","href":"https:\/\/api.w.org\/{rel}","templated":true}]}}