{"id":107915,"date":"2025-12-16T13:57:47","date_gmt":"2025-12-16T13:57:47","guid":{"rendered":"https:\/\/www.europesays.com\/se\/107915\/"},"modified":"2025-12-16T13:57:47","modified_gmt":"2025-12-16T13:57:47","slug":"bensinpriset-det-lagsta-sedan-2021-2","status":"publish","type":"post","link":"https:\/\/www.europesays.com\/se\/107915\/","title":{"rendered":"Bensinpriset det l\u00e4gsta sedan 2021"},"content":{"rendered":"<p>Biltidningen <a href=\"https:\/\/carup.se\/chocklaga-branslepriser-bensin-for-1337-kr-l\/\" rel=\"nofollow noopener\" target=\"_blank\">Carup<\/a> rapporterar om en mack i \u00c4lmhult i Sm\u00e5land d\u00e4r en liter bensin nu kostar 13,37 kronor och en liter diesel 14,59 kronor.<\/p>\n<p>Enligt tidningen s\u00e4nktes priset p\u00e5 bensin och diesel p\u00e5 stora bemannade bensinstationer med 10 \u00f6re p\u00e5 tisdagsmorgonen.<\/p>\n<p>Prisraset \u00e4r en effekt av att r\u00e5oljepriset fallit till den l\u00e4gsta niv\u00e5n sedan h\u00f6sten 2021. Ett fat Nordsj\u00f6olja (brent) kostar nu 60 dollar.<\/p>\n<p>En m\u00f6jlig fred i Ukraina kan g\u00f6ra att rysk olja fl\u00f6dar p\u00e5 en redan v\u00e4lfylld marknad. Oljehandlare spekulerar nu i en fred mellan Ryssland och Ukraina, vilket kan g\u00f6ra att USA h\u00e4ver sanktionerna mot rysk oljeindustri.<\/p>\n<p><strong>Men den m\u00f6jliga freden<\/strong> \u00e4r bara en av flera faktorer som p\u00e5verkar oljepriset och i f\u00f6rl\u00e4ngningen bensinpriset.<\/p>\n<p>\u2013 En annan faktor \u00e4r att det fortfarande \u00e4r en p\u00e5tagligt svag konjunktur. Den tredje faktorn \u00e4r att USA \u00e4r v\u00e4rldens st\u00f6rsta land n\u00e4r det g\u00e4ller r\u00e5oljeproduktion och de forts\u00e4tter producera v\u00e4ldigt mycket olja. Samtidigt finns det v\u00e4ldigt mycket reservkapacitet i OPEC-l\u00e4nderna, s\u00e4ger Christian Kopfer, r\u00e5varuanalytiker p\u00e5 Handelsbanken.<\/p>\n<p>Sammantaget handlar det allts\u00e5 om ett h\u00f6gt utbud och en l\u00e5g efterfr\u00e5gan, enligt Kopfer. N\u00e4r det g\u00e4ller de svenska bensinpriserna finns det \u00e4ven en annan faktor som p\u00e5verkar.<\/p>\n<p>\u2013 N\u00e4r det g\u00e4ller drivmedelspriserna finns det ytterligare en effekt av att dollarn \u00e4r svag mot kronan. Att kronan har st\u00e4rkts mot dollarn de senaste veckorna f\u00e5r ju rakt av genomslag p\u00e5 drivmedelspriserna, s\u00e4ger Christian Kopfer.<\/p>\n<p>Bara i \u00e5r har v\u00e4rldsmarknadspriset p\u00e5 r\u00e5olja fallit med n\u00e4stan 20 procent, r\u00e4knat i dollar. I svenska kronor \u00e4r fallet \u00e4nnu st\u00f6rre.<\/p>\n","protected":false},"excerpt":{"rendered":"Biltidningen Carup rapporterar om en mack i \u00c4lmhult i Sm\u00e5land d\u00e4r en liter bensin nu kostar 13,37 kronor&hellip;\n","protected":false},"author":2,"featured_media":107916,"comment_status":"","ping_status":"","sticky":false,"template":"","format":"standard","meta":{"footnotes":""},"categories":[65],"tags":[72,70,71,34,31,33,32,30],"class_list":{"0":"post-107915","1":"post","2":"type-post","3":"status-publish","4":"format-standard","5":"has-post-thumbnail","7":"category-ekonomi","8":"tag-business","9":"tag-economy","10":"tag-ekonomi","11":"tag-se","12":"tag-svenska","13":"tag-sverige","14":"tag-sweden","15":"tag-swedish"},"share_on_mastodon":{"url":"https:\/\/pubeurope.com\/@se\/115729603251695659","error":""},"_links":{"self":[{"href":"https:\/\/www.europesays.com\/se\/wp-json\/wp\/v2\/posts\/107915","targetHints":{"allow":["GET"]}}],"collection":[{"href":"https:\/\/www.europesays.com\/se\/wp-json\/wp\/v2\/posts"}],"about":[{"href":"https:\/\/www.europesays.com\/se\/wp-json\/wp\/v2\/types\/post"}],"author":[{"embeddable":true,"href":"https:\/\/www.europesays.com\/se\/wp-json\/wp\/v2\/users\/2"}],"replies":[{"embeddable":true,"href":"https:\/\/www.europesays.com\/se\/wp-json\/wp\/v2\/comments?post=107915"}],"version-history":[{"count":0,"href":"https:\/\/www.europesays.com\/se\/wp-json\/wp\/v2\/posts\/107915\/revisions"}],"wp:featuredmedia":[{"embeddable":true,"href":"https:\/\/www.europesays.com\/se\/wp-json\/wp\/v2\/media\/107916"}],"wp:attachment":[{"href":"https:\/\/www.europesays.com\/se\/wp-json\/wp\/v2\/media?parent=107915"}],"wp:term":[{"taxonomy":"category","embeddable":true,"href":"https:\/\/www.europesays.com\/se\/wp-json\/wp\/v2\/categories?post=107915"},{"taxonomy":"post_tag","embeddable":true,"href":"https:\/\/www.europesays.com\/se\/wp-json\/wp\/v2\/tags?post=107915"}],"curies":[{"name":"wp","href":"https:\/\/api.w.org\/{rel}","templated":true}]}}