{"id":107988,"date":"2025-12-16T14:59:06","date_gmt":"2025-12-16T14:59:06","guid":{"rendered":"https:\/\/www.europesays.com\/se\/107988\/"},"modified":"2025-12-16T14:59:06","modified_gmt":"2025-12-16T14:59:06","slug":"det-ar-dags-att-utse-vinnarna-av-guldkangan-2025","status":"publish","type":"post","link":"https:\/\/www.europesays.com\/se\/107988\/","title":{"rendered":"Det \u00e4r dags att utse vinnarna av Guldk\u00e4ngan 2025"},"content":{"rendered":"<p><strong>Nu \u00e4r det dags att r\u00f6sta fram vilka tv\u00e5 spelare som ska f\u00e5 Guldk\u00e4ngan 2025. Utm\u00e4rkelsen g\u00e5r till \u00e5rets b\u00e4sta spelare i herr- respektive damlaget och du kan vara med och r\u00f6sta.\u00a0<\/strong><\/p>\n<p>F\u00f6rra \u00e5ret tog Anna Anveg\u00e5rd och Ali Youssef emot priset som \u00e5rets b\u00e4sta spelare. Nu \u00e4r det \u00e5terigen dags att kora \u00e5rets vinnare. Klicka p\u00e5 l\u00e4nken och r\u00f6sta p\u00e5 den spelare du tycker har varit b\u00e4st under 2025. R\u00f6stningen st\u00e4nger den 31 december 23.59.\u00a0<\/p>\n<p><a href=\"https:\/\/forms.cloud.microsoft\/e\/ccLZrgNzfd\" target=\"_self\" rel=\"nofollow noopener\">R\u00f6sta p\u00e5 de spelarna du tycker borde vinna Guldk\u00e4ngan 2025<\/a><\/p>\n<p><strong>DE TIO SENASTE VINNARNA AV GULDK\u00c4NGAN\u00a0<\/strong><\/p>\n<p>2024: Anna Anveg\u00e5rd &amp; Ali Youssef\u00a0<\/p>\n<p>2023: Jennifer Falk &amp; Ibrahim Sadiq<\/p>\n<p>2022: Elin Rubensson &amp; Samuel Gustafson\u00a0<\/p>\n<p>2021: Stina Blackstenius &amp; Patrik W\u00e5lemark\u00a0<\/p>\n<p>2020: Godswill Ekpolo\u00a0<\/p>\n<p>2019: Peter Abrahamsson\u00a0<\/p>\n<p>2018: Paulinho\u00a0<\/p>\n<p>2017: Peter Abrahamsson\u00a0<\/p>\n<p>2016: Peter Abrahamsson\u00a0<\/p>\n<p>2015: Mohammed Abubakari<\/p>\n","protected":false},"excerpt":{"rendered":"Nu \u00e4r det dags att r\u00f6sta fram vilka tv\u00e5 spelare som ska f\u00e5 Guldk\u00e4ngan 2025. Utm\u00e4rkelsen g\u00e5r till&hellip;\n","protected":false},"author":2,"featured_media":107989,"comment_status":"","ping_status":"","sticky":false,"template":"","format":"standard","meta":{"footnotes":""},"categories":[68],"tags":[159,4526,138,4527,3474,34,111,110,31,33,32,30],"class_list":{"0":"post-107988","1":"post","2":"type-post","3":"status-publish","4":"format-standard","5":"has-post-thumbnail","7":"category-sport","8":"tag-allsvenskan","9":"tag-bravida-arena","10":"tag-fotboll","11":"tag-gpa","12":"tag-hisingen","13":"tag-se","14":"tag-sport","15":"tag-sports","16":"tag-svenska","17":"tag-sverige","18":"tag-sweden","19":"tag-swedish"},"share_on_mastodon":{"url":"https:\/\/pubeurope.com\/@se\/115729843166384640","error":""},"_links":{"self":[{"href":"https:\/\/www.europesays.com\/se\/wp-json\/wp\/v2\/posts\/107988","targetHints":{"allow":["GET"]}}],"collection":[{"href":"https:\/\/www.europesays.com\/se\/wp-json\/wp\/v2\/posts"}],"about":[{"href":"https:\/\/www.europesays.com\/se\/wp-json\/wp\/v2\/types\/post"}],"author":[{"embeddable":true,"href":"https:\/\/www.europesays.com\/se\/wp-json\/wp\/v2\/users\/2"}],"replies":[{"embeddable":true,"href":"https:\/\/www.europesays.com\/se\/wp-json\/wp\/v2\/comments?post=107988"}],"version-history":[{"count":0,"href":"https:\/\/www.europesays.com\/se\/wp-json\/wp\/v2\/posts\/107988\/revisions"}],"wp:featuredmedia":[{"embeddable":true,"href":"https:\/\/www.europesays.com\/se\/wp-json\/wp\/v2\/media\/107989"}],"wp:attachment":[{"href":"https:\/\/www.europesays.com\/se\/wp-json\/wp\/v2\/media?parent=107988"}],"wp:term":[{"taxonomy":"category","embeddable":true,"href":"https:\/\/www.europesays.com\/se\/wp-json\/wp\/v2\/categories?post=107988"},{"taxonomy":"post_tag","embeddable":true,"href":"https:\/\/www.europesays.com\/se\/wp-json\/wp\/v2\/tags?post=107988"}],"curies":[{"name":"wp","href":"https:\/\/api.w.org\/{rel}","templated":true}]}}