{"id":108001,"date":"2025-12-16T15:10:11","date_gmt":"2025-12-16T15:10:11","guid":{"rendered":"https:\/\/www.europesays.com\/se\/108001\/"},"modified":"2025-12-16T15:10:11","modified_gmt":"2025-12-16T15:10:11","slug":"gront-ljus-for-effekthojning-i-forsmark","status":"publish","type":"post","link":"https:\/\/www.europesays.com\/se\/108001\/","title":{"rendered":"Gr\u00f6nt ljus f\u00f6r effekth\u00f6jning i Forsmark"},"content":{"rendered":"<p class=\"anfang anfang--orange\">Efter en l\u00e5ngdragen process med flera provdriftsperioder s\u00e5 \u00e4r det nu klart att Forsmark 1 f\u00e5r leverera en effekt p\u00e5 totalt 1 120 MW, en total h\u00f6jning med 100 MW.<\/p>\n<p>Tidigare har Vattenfall f\u00e5tt ett godk\u00e4nnande fr\u00e5n Str\u00e5lskyddsmyndigheten f\u00f6r att h\u00f6ja den termiska effekten, och nu har f\u00f6retaget f\u00e5tt gr\u00f6nt ljus \u00e4ven fr\u00e5n Svenska kraftn\u00e4t.<br \/><img decoding=\"async\" loading=\"lazy\" class=\"img-right alt-as-caption alt-as-caption--black js-alt-as-caption\" src=\"https:\/\/www.europesays.com\/se\/wp-content\/uploads\/2025\/12\/jerrywesterstedt_4_5.jpg\" alt=\"Jerry Westerstedt, vd p\u00e5 Forsmark.\" width=\"210\" height=\"262\"\/><strong><br \/>\u2013 <\/strong>Det h\u00e4r k\u00e4nns riktigt bra. Det \u00e4r en milstolpe f\u00f6r Forsmark och F1-reaktorn. Anl\u00e4ggningen har den robusthet som kr\u00e4vs och de tekniska f\u00f6ruts\u00e4ttningarna \u00e4r p\u00e5 plats, s\u00e4ger Forsmarks vd Jerry Westerstedt i en presskommentar.<\/p>\n<p>Svenska Kraftn\u00e4ts beslut inneb\u00e4r att Forsmark 1 f\u00e5tt godk\u00e4nt till ytterligare en h\u00f6jning p\u00e5 50 MW. F\u00f6rsta steget p\u00e5 50 MW gjordes i april 2024. H\u00f6jningen inneb\u00e4r att anl\u00e4ggningen kan ta emot en \u00f6kad m\u00e4ngd \u00e5nga fr\u00e5n reaktorn och omvandla den till el.<\/p>\n<p>Vattenfall har genomf\u00f6rt provrdrift p\u00e5 flera olika effektniv\u00e5er f\u00f6r att kunna garantera att anl\u00e4ggningen klarar de nya kraven, och anl\u00e4ggningen \u00e4r nu dimensionerad f\u00f6r att k\u00f6ra p\u00e5 den h\u00f6gre effektniv\u00e5n med bibeh\u00e5llna marginaler.<\/p>\n<p>Forsmark 1 togs i drift 1980 och levererar \u00e5rligen mellan 7 och 8 TWh fossilfri el Den totala effekt\u00f6kningen p\u00e5 100 MW inneb\u00e4r en kapacitets\u00f6kning p\u00e5 cirka 10 procent.<\/p>\n<p>\u00a0<\/p>\n","protected":false},"excerpt":{"rendered":"Efter en l\u00e5ngdragen process med flera provdriftsperioder s\u00e5 \u00e4r det nu klart att Forsmark 1 f\u00e5r leverera en&hellip;\n","protected":false},"author":2,"featured_media":108002,"comment_status":"","ping_status":"","sticky":false,"template":"","format":"standard","meta":{"footnotes":""},"categories":[65],"tags":[72,70,71,34,31,33,32,30],"class_list":{"0":"post-108001","1":"post","2":"type-post","3":"status-publish","4":"format-standard","5":"has-post-thumbnail","7":"category-ekonomi","8":"tag-business","9":"tag-economy","10":"tag-ekonomi","11":"tag-se","12":"tag-svenska","13":"tag-sverige","14":"tag-sweden","15":"tag-swedish"},"share_on_mastodon":{"url":"https:\/\/pubeurope.com\/@se\/115729886904110542","error":""},"_links":{"self":[{"href":"https:\/\/www.europesays.com\/se\/wp-json\/wp\/v2\/posts\/108001","targetHints":{"allow":["GET"]}}],"collection":[{"href":"https:\/\/www.europesays.com\/se\/wp-json\/wp\/v2\/posts"}],"about":[{"href":"https:\/\/www.europesays.com\/se\/wp-json\/wp\/v2\/types\/post"}],"author":[{"embeddable":true,"href":"https:\/\/www.europesays.com\/se\/wp-json\/wp\/v2\/users\/2"}],"replies":[{"embeddable":true,"href":"https:\/\/www.europesays.com\/se\/wp-json\/wp\/v2\/comments?post=108001"}],"version-history":[{"count":0,"href":"https:\/\/www.europesays.com\/se\/wp-json\/wp\/v2\/posts\/108001\/revisions"}],"wp:featuredmedia":[{"embeddable":true,"href":"https:\/\/www.europesays.com\/se\/wp-json\/wp\/v2\/media\/108002"}],"wp:attachment":[{"href":"https:\/\/www.europesays.com\/se\/wp-json\/wp\/v2\/media?parent=108001"}],"wp:term":[{"taxonomy":"category","embeddable":true,"href":"https:\/\/www.europesays.com\/se\/wp-json\/wp\/v2\/categories?post=108001"},{"taxonomy":"post_tag","embeddable":true,"href":"https:\/\/www.europesays.com\/se\/wp-json\/wp\/v2\/tags?post=108001"}],"curies":[{"name":"wp","href":"https:\/\/api.w.org\/{rel}","templated":true}]}}