{"id":108033,"date":"2025-12-16T15:41:13","date_gmt":"2025-12-16T15:41:13","guid":{"rendered":"https:\/\/www.europesays.com\/se\/108033\/"},"modified":"2025-12-16T15:41:13","modified_gmt":"2025-12-16T15:41:13","slug":"konferens-med-ukraina-om-reformer-och-uppbyggnad-av-sjukvarden","status":"publish","type":"post","link":"https:\/\/www.europesays.com\/se\/108033\/","title":{"rendered":"Konferens med Ukraina om reformer och uppbyggnad av sjukv\u00e5rden"},"content":{"rendered":"<p>\u2013 Vi har gett ett tydligt l\u00f6fte att st\u00e5 fast vid v\u00e5rt st\u00f6d och forts\u00e4tta bidra till ett starkt och motst\u00e5ndskraftigt samh\u00e4lle i Ukraina. Det \u00e4r en del av v\u00e5rt ansvar som partner och som v\u00e4n, s\u00e4ger socialminister Jakob Forssmed. \u00a0<\/p>\n<p>Konferensen samlade representanter fr\u00e5n svenska och ukrainska myndigheter, n\u00e4ringsliv, civilsamh\u00e4lle, sjukhus och akademi, samt internationella akt\u00f6rer. M\u00f6tet inleddes av socialminister Jakob Forssmed tillsammans med Ukrainas h\u00e4lsominister Viktor Liashko (via video).\u00a0<\/p>\n<p>Fokus p\u00e5 l\u00e5ngsiktigt samarbete och reformer\u00a0<\/p>\n<p>Sedan avtalet undertecknades har Sverige bidragit med omfattande st\u00f6d till Ukrainas h\u00e4lso- och sjukv\u00e5rd, bland annat genom finansiering, utrustning och kapacitetsbyggande. Konferensen gav m\u00f6jlighet att ta del av resultat och erfarenheter fr\u00e5n det p\u00e5g\u00e5ende samarbetet, samt att diskutera hur st\u00f6det kan utvecklas \u2013 b\u00e5de f\u00f6r att m\u00f6ta akuta behov och f\u00f6r att st\u00f6dja Ukrainas reformarbete.<\/p>\n<p>Under dagen lyftes fr\u00e5gor om Ukrainas EU-anslutningsprocess, sjukhus-till-sjukhussamarbeten och folkh\u00e4lsoutmaningar, med s\u00e4rskilt fokus p\u00e5 omr\u00e5den som antibiotikaresistens, rehabilitering och cancerbehandling. Konferensen betonade vikten av fortsatt samarbete mellan svenska och ukrainska akt\u00f6rer f\u00f6r att skapa ett robust och v\u00e4lfungerande sjukv\u00e5rdssystem &#8211; \u00e4ven i tider av kris och krig.<\/p>\n<p>Sveriges st\u00f6d till Ukraina st\u00e5r fast<\/p>\n<p>Behoven i Ukrainas h\u00e4lso- och sjukv\u00e5rd \u00e4r fortsatt stora till f\u00f6ljd av Rysslands fullskaliga invasion. Sverige har sedan februari 2022 l\u00e4mnat omfattande st\u00f6d till Ukraina \u2013 milit\u00e4rt, humanit\u00e4rt och civilt \u2013 och bist\u00e5r \u00e4ven med insatser f\u00f6r \u00e5teruppbyggnad. Totalt har Sverige bidragit med cirka 109 miljarder kronor till olika insatser f\u00f6r att st\u00f6tta Ukraina (2 december 2025).<\/p>\n<p>Av detta utg\u00f6r 19,4 miljarder kronor civilt st\u00f6d, inklusive humanit\u00e4rt st\u00f6d. Fr\u00e5n och med 2025 har Sverige gjort ett l\u00e5ngsiktigt \u00e5tagande om civilt st\u00f6d till Ukraina om minst 5,6 miljarder kronor per \u00e5r. Sveriges civila st\u00f6d till Ukraina omfattar bland annat:<\/p>\n<ul>\n<li>Humanit\u00e4rt st\u00f6d via organisationer som World Food Program (WFP), R\u00e4dda barnen, R\u00f6da korset, UNICEF, UNHCR och FN:s humanit\u00e4ra landfond f\u00f6r Ukraina.\u00a0<\/li>\n<li>Civil krishantering, inklusive donationer av sjukv\u00e5rdsmateriel, medevactransporter, eln\u00e4tsutrustning och n\u00f6dboenden.<\/li>\n<li>Finansiellt st\u00f6d via V\u00e4rldsbanken och EU f\u00f6r att uppr\u00e4tth\u00e5lla kritiska statliga funktioner.<\/li>\n<li>Strategi f\u00f6r uppbyggnad och reform (2023\u20132027): Sveriges st\u00f6rsta bilaterala bist\u00e5ndsstrategi, 9 miljarder kronor, f\u00f6r att st\u00e4rka Ukrainas motst\u00e5ndskraft, demokrati och EU-integration.<\/li>\n<li>Socialstyrelsens uppdrag att koordinera svenska myndigheter, andra offentliga akt\u00f6rer och sjukhus st\u00f6d till Ukraina och finansiera dessas deltagande i olika projekt och samarbeten.<\/li>\n<li>Stiftelsen Swecare koordinerar och st\u00f6djer svenska privata akt\u00f6rers st\u00f6d och samarbete med Ukraina .<br \/>\u00a0<br \/>Konferensen den 15 december blev ett viktigt steg f\u00f6r att f\u00f6rdjupa samarbetet och skapa f\u00f6ruts\u00e4ttningar f\u00f6r ett starkt och h\u00e5llbart sjukv\u00e5rdssystem i Ukraina.\u00a0<\/li>\n<\/ul>\n","protected":false},"excerpt":{"rendered":"\u2013 Vi har gett ett tydligt l\u00f6fte att st\u00e5 fast vid v\u00e5rt st\u00f6d och forts\u00e4tta bidra till ett&hellip;\n","protected":false},"author":2,"featured_media":108034,"comment_status":"","ping_status":"","sticky":false,"template":"","format":"standard","meta":{"footnotes":""},"categories":[5],"tags":[22,23,26,27,17,21,24,25,28,29,15,16,18,34,31,33,32,30,19,20],"class_list":{"0":"post-108033","1":"post","2":"type-post","3":"status-publish","4":"format-standard","5":"has-post-thumbnail","7":"category-rubriker","8":"tag-breaking-news","9":"tag-breakingnews","10":"tag-featured-news","11":"tag-featurednews","12":"tag-headlines","13":"tag-huvudnyheter","14":"tag-latest-news","15":"tag-latestnews","16":"tag-main-news","17":"tag-mainnews","18":"tag-news","19":"tag-nyheter","20":"tag-rubriker","21":"tag-se","22":"tag-svenska","23":"tag-sverige","24":"tag-sweden","25":"tag-swedish","26":"tag-top-stories","27":"tag-topstories"},"share_on_mastodon":{"url":"https:\/\/pubeurope.com\/@se\/115730008146028876","error":""},"_links":{"self":[{"href":"https:\/\/www.europesays.com\/se\/wp-json\/wp\/v2\/posts\/108033","targetHints":{"allow":["GET"]}}],"collection":[{"href":"https:\/\/www.europesays.com\/se\/wp-json\/wp\/v2\/posts"}],"about":[{"href":"https:\/\/www.europesays.com\/se\/wp-json\/wp\/v2\/types\/post"}],"author":[{"embeddable":true,"href":"https:\/\/www.europesays.com\/se\/wp-json\/wp\/v2\/users\/2"}],"replies":[{"embeddable":true,"href":"https:\/\/www.europesays.com\/se\/wp-json\/wp\/v2\/comments?post=108033"}],"version-history":[{"count":0,"href":"https:\/\/www.europesays.com\/se\/wp-json\/wp\/v2\/posts\/108033\/revisions"}],"wp:featuredmedia":[{"embeddable":true,"href":"https:\/\/www.europesays.com\/se\/wp-json\/wp\/v2\/media\/108034"}],"wp:attachment":[{"href":"https:\/\/www.europesays.com\/se\/wp-json\/wp\/v2\/media?parent=108033"}],"wp:term":[{"taxonomy":"category","embeddable":true,"href":"https:\/\/www.europesays.com\/se\/wp-json\/wp\/v2\/categories?post=108033"},{"taxonomy":"post_tag","embeddable":true,"href":"https:\/\/www.europesays.com\/se\/wp-json\/wp\/v2\/tags?post=108033"}],"curies":[{"name":"wp","href":"https:\/\/api.w.org\/{rel}","templated":true}]}}