{"id":108039,"date":"2025-12-16T15:46:19","date_gmt":"2025-12-16T15:46:19","guid":{"rendered":"https:\/\/www.europesays.com\/se\/108039\/"},"modified":"2025-12-16T15:46:19","modified_gmt":"2025-12-16T15:46:19","slug":"reledo-forvarvar-dansk-miljorengoring-a-s","status":"publish","type":"post","link":"https:\/\/www.europesays.com\/se\/108039\/","title":{"rendered":"Reledo f\u00f6rv\u00e4rvar Dansk Milj\u00f8reng\u00f8ring A\/S"},"content":{"rendered":"<p>\n          Pressmeddelande &#8211;<br \/>\n16 December 2025 15:57<\/p>\n<p>    Dela<\/p>\n<p>\n          L\u00e4nk kopierad!\n        <\/p>\n<p>          <a class=\"ghost-btn-with-icon svg-stroke\" rel=\"nofollow noopener\" aria-label=\"Ladda ned som PDF\" href=\"https:\/\/www.mynewsdesk.com\/se\/reledo\/pressreleases\/reledo-foervaervar-dansk-miljoerengoering-a-slash-s-3422175.pdf\" target=\"_blank\"><\/p>\n<p>            Ladda ner<br \/>\n<\/a>      <\/p>\n<p>Genom f\u00f6rv\u00e4rvet av forts\u00e4tter Reledo att st\u00e4rka sin n\u00e4rvaro p\u00e5 den danska marknaden.<\/p>\n<p>Dansk Milj\u00f8reng\u00f8ring \u00e4r ett etablerat st\u00e4d- och facility services-bolag som erbjuder kontorsst\u00e4dning, f\u00f6nsterputs, mattj\u00e4nster och golvv\u00e5rd. Bolaget har sitt huvudkontor i Herlev, strax utanf\u00f6r K\u00f6penhamn, och har en rikst\u00e4ckande verksamhet i hela Danmark. Kundbasen \u00e4r diversifierad, med leveranser till ett flertal branscher, d\u00e4ribland transport, kontor, laboratorier och bostadsr\u00e4ttsf\u00f6reningar.<\/p>\n<p>\u201cDansk Milj\u00f8reng\u00f8ring \u00e4r ett v\u00e4lrenommerat f\u00f6retag inom st\u00e4dbranschen i Danmark. Med sin starka position och tydliga strategi kompletterar de Reledos ambition att erbjuda kvalitativa och flexibla l\u00f6sningar f\u00f6r arbetsplatsen i Norden,\u201d s\u00e4ger Jonas Warnander, koncernchef p\u00e5 Reledo.<\/p>\n<p>Bolaget grundades 1980 och har drivits av familjen S\u00f8ndergaard i tv\u00e5 generationer. Thomas Berg S\u00f8ndergaard, tidigare \u00e4gare och VD f\u00f6r Dansk Milj\u00f8reng\u00f8ring, forts\u00e4tter som VD \u00e4ven efter f\u00f6rv\u00e4rvet. <\/p>\n<p>&#8221;Det h\u00e4r \u00e4r en enorm milstolpe f\u00f6r Dansk Milj\u00f8reng\u00f8ring, och f\u00f6r mig personligen, att vi nu \u00e4r en del av Reledo. F\u00f6r oss har det varit helt avg\u00f6rande att hitta en partner som f\u00f6rst\u00e5r v\u00e5ra v\u00e4rderingar, respekterar v\u00e5rt arbetss\u00e4tt och uppskattar den kultur vi har byggt upp under 45 \u00e5r. Lika viktigt har det varit att hitta en stark partner som kan ta Dansk Milj\u00f8reng\u00f8ring till n\u00e4sta niv\u00e5, vilket kommer bidra till nytta f\u00f6r kunder, medarbetare och aff\u00e4rspartners. Reledo f\u00f6rst\u00e5r oss, delar v\u00e5ra v\u00e4rderingar och \u00e4r den r\u00e4tta partnern f\u00f6r framtiden.\u201d s\u00e4ger Thomas Berg S\u00f8ndergaard.<\/p>\n<p>F\u00f6rv\u00e4rvet \u00e4r ett viktigt steg i Reledos strategi att bredda sitt erbjudande i Danmark och skapa merv\u00e4rde f\u00f6r kunder genom att erbjuda kvalitativa l\u00f6sningar f\u00f6r arbetsplatsen till kunder \u00f6ver hela Norden. <\/p>\n<p>F\u00f6r mer information, v\u00e4nligen kontakta:<\/p>\n<p>Philip Kilander, Head of M&amp;A p\u00e5 Reledo, <a href=\"https:\/\/www.mynewsdesk.com\/se\/reledo\/pressreleases\/mailto:Philip.kilander@reledo.se\" target=\"_blank\" rel=\"nofollow noopener\">Philip.kilander@reledo.se<\/a><\/p>\n<p>Thomas Berg S\u00f8ndergaard, VD p\u00e5 Dansk Milj\u00f8reng\u00f8ring, <a href=\"https:\/\/www.mynewsdesk.com\/se\/reledo\/pressreleases\/mailto:tbs@dkmr.dk\" target=\"_blank\" rel=\"nofollow noopener\">tbs@dkmr.dk<\/a><\/p>\n","protected":false},"excerpt":{"rendered":"Pressmeddelande &#8211; 16 December 2025 15:57 Dela L\u00e4nk kopierad! Ladda ner Genom f\u00f6rv\u00e4rvet av forts\u00e4tter Reledo att st\u00e4rka&hellip;\n","protected":false},"author":2,"featured_media":108040,"comment_status":"","ping_status":"","sticky":false,"template":"","format":"standard","meta":{"footnotes":""},"categories":[65],"tags":[72,1205,70,71,34,31,33,32,30],"class_list":{"0":"post-108039","1":"post","2":"type-post","3":"status-publish","4":"format-standard","5":"has-post-thumbnail","7":"category-ekonomi","8":"tag-business","9":"tag-danmark","10":"tag-economy","11":"tag-ekonomi","12":"tag-se","13":"tag-svenska","14":"tag-sverige","15":"tag-sweden","16":"tag-swedish"},"share_on_mastodon":{"url":"https:\/\/pubeurope.com\/@se\/115730027814173325","error":""},"_links":{"self":[{"href":"https:\/\/www.europesays.com\/se\/wp-json\/wp\/v2\/posts\/108039","targetHints":{"allow":["GET"]}}],"collection":[{"href":"https:\/\/www.europesays.com\/se\/wp-json\/wp\/v2\/posts"}],"about":[{"href":"https:\/\/www.europesays.com\/se\/wp-json\/wp\/v2\/types\/post"}],"author":[{"embeddable":true,"href":"https:\/\/www.europesays.com\/se\/wp-json\/wp\/v2\/users\/2"}],"replies":[{"embeddable":true,"href":"https:\/\/www.europesays.com\/se\/wp-json\/wp\/v2\/comments?post=108039"}],"version-history":[{"count":0,"href":"https:\/\/www.europesays.com\/se\/wp-json\/wp\/v2\/posts\/108039\/revisions"}],"wp:featuredmedia":[{"embeddable":true,"href":"https:\/\/www.europesays.com\/se\/wp-json\/wp\/v2\/media\/108040"}],"wp:attachment":[{"href":"https:\/\/www.europesays.com\/se\/wp-json\/wp\/v2\/media?parent=108039"}],"wp:term":[{"taxonomy":"category","embeddable":true,"href":"https:\/\/www.europesays.com\/se\/wp-json\/wp\/v2\/categories?post=108039"},{"taxonomy":"post_tag","embeddable":true,"href":"https:\/\/www.europesays.com\/se\/wp-json\/wp\/v2\/tags?post=108039"}],"curies":[{"name":"wp","href":"https:\/\/api.w.org\/{rel}","templated":true}]}}