{"id":108041,"date":"2025-12-16T15:48:23","date_gmt":"2025-12-16T15:48:23","guid":{"rendered":"https:\/\/www.europesays.com\/se\/108041\/"},"modified":"2025-12-16T15:48:23","modified_gmt":"2025-12-16T15:48:23","slug":"region-vasternorrland-arbetet-med-framtida-sjukhusstrukturforandringar-pagar-for-fullt","status":"publish","type":"post","link":"https:\/\/www.europesays.com\/se\/108041\/","title":{"rendered":"Region V\u00e4sternorrland &#8211; Arbetet med framtida sjukhusstrukturf\u00f6r\u00e4ndringar p\u00e5g\u00e5r f\u00f6r fullt"},"content":{"rendered":"<p>\n                                                Region V\u00e4sternorrland genomf\u00f6r just nu en omfattande f\u00f6r\u00e4ndring av sjukhusv\u00e5rden. Syftet med f\u00f6r\u00e4ndringarna \u00e4r att skapa en robust h\u00e4lso- och sjukv\u00e5rd som l\u00e5ngsiktigt m\u00f6ter inv\u00e5narnas behov av v\u00e5rd p\u00e5 r\u00e4tt niv\u00e5.\n                                            <\/p>\n<blockquote>\n<p>&#8211; Utvecklingen fram\u00f6ver \u00e4r beroende av den effektivitet och produktivitet som regionens h\u00e4lso- och sjukv\u00e5rd kommer kunna utveckla under \u00f6versk\u00e5dlig tid. Det handlar inte om att springa fortare, utan om att anv\u00e4nda v\u00e5r gemensamma kunskap och samlade kompetens d\u00e4r det st\u00f6rsta behovet finns och d\u00e4r den g\u00f6r st\u00f6rst skillnad, s\u00e4ger Maria Strandberg, h\u00e4lso- och sjukv\u00e5rdsdirekt\u00f6r.<\/p>\n<\/blockquote>\n<p>\u00d6vergripande programplan beslutad<\/p>\n<p>En styrgrupp har under h\u00f6sten godk\u00e4nt den \u00f6vergripande programplanen f\u00f6r de kommande strukturf\u00f6r\u00e4ndringarna i V\u00e4sternorrland. Beslutet inneb\u00e4r att arbetet nu g\u00e5r vidare genom drygt 20 olika delprojekt. Omst\u00e4llningen ber\u00f6r alla tre sjukhus och inneb\u00e4r nya arbetss\u00e4tt, \u00f6kad samverkan och ett tydligt fokus p\u00e5 kvalitet och patients\u00e4kerhet. Arbetet f\u00f6rv\u00e4ntas p\u00e5g\u00e5 fram till och med 2027.<\/p>\n<blockquote>\n<p>&#8211; Jag har stor f\u00f6rst\u00e5else f\u00f6r att f\u00f6r\u00e4ndringarna b\u00e5de skapar m\u00e5nga fr\u00e5gor och en del oro. Omst\u00e4llningen ska ske stegvis och i n\u00e4ra dialog med personal, fackliga representanter och patienter. Alla delprojekten h\u00e4nger ihop och l\u00f6per parallellt, inga f\u00f6r\u00e4ndringar kommer att genomf\u00f6ras innan patients\u00e4kerheten \u00e4r garanterad, s\u00e4ger Maria Strandberg.<\/p>\n<\/blockquote>\n<p>Styrgruppen beslutade tidigare i h\u00f6st att st\u00e4lla sig bakom st\u00e4ngning av tv\u00e5 v\u00e5rdplatser barn i Sollefte\u00e5 &#8211; f\u00f6rutsatt att alla kriterier enligt checklista \u00e4r uppfyllda. Bland annat ska fackliga f\u00f6rhandlingar, riskbed\u00f6mningar och \u00e5tg\u00e4rder av funna risker av arbetsmilj\u00f6n patients\u00e4kerheten samt den medicinska selekteringen f\u00f6r barn vara genomf\u00f6rda. Vid ett senare styrgruppsm\u00f6te ska man st\u00e4mma av att alla kriterierna \u00e4r uppfyllda innan en permanent st\u00e4ngning kan genomf\u00f6ras.<\/p>\n<p>F\u00f6rflyttning mot en mer n\u00e4ra v\u00e5rd<\/p>\n<p>V\u00e5rden beh\u00f6ver flyttas n\u00e4rmare patienten, blir mer personcentrerad och samordnad d\u00e4r prim\u00e4rv\u00e5rden fungerar som nav. M\u00e5let \u00e4r att m\u00f6ta inv\u00e5narnas behov, s\u00e4rskilt med fler \u00e4ldre och kroniskt sjuka, genom b\u00e4ttre samverkan mellan regionen och kommunerna och genom \u00f6kad anv\u00e4ndning av digitala l\u00f6sningar.\u00a0<\/p>\n<p>Utvecklingen av 1177.se ska forts\u00e4tta med inf\u00f6rande av fler tj\u00e4nster, f\u00f6rb\u00e4ttrad anv\u00e4ndarupplevelse och tydligare samlad information om sjukdomar, behandlingar, regler och r\u00e4ttigheter f\u00f6r st\u00f6d b\u00e5de f\u00f6r personal, patienter och anh\u00f6riga. Sjukv\u00e5rdens arbetss\u00e4tt och arbetsformer beh\u00f6ver bli mer flexibla och b\u00e4ttre anpassade genom att fler digitala l\u00f6sningar inf\u00f6rs, distansmonitorering eller ronder p\u00e5 distans g\u00f6rs n\u00e4r det \u00e4r m\u00f6jligt, samt att antalet mobila team \u00f6kas. V\u00e5rden kommer till patienten i st\u00e4llet f\u00f6r tv\u00e4rt om.<\/p>\n<blockquote>\n<p>&#8211; F\u00e4rre ska f\u00f6rs\u00f6rja fler och vi beh\u00f6ver m\u00f6ta de specifika behoven hos en allt \u00e4ldre befolkning. Samma bild ses nationellt och globalt. Vi kan d\u00e4rf\u00f6r inte rekrytera oss ur den h\u00e4r utmaningen. Vi beh\u00f6ver t\u00e4nka klokare, anv\u00e4nda v\u00e5ra resurser b\u00e4ttre och skapa utrymme f\u00f6r det som betyder mest, m\u00f6tet med inv\u00e5naren, s\u00e4ger Maria Strandberg.<\/p>\n<\/blockquote>\n<p>Samtidigt som patienter i h\u00f6gre utstr\u00e4ckning f\u00e5r kontakt med v\u00e5rden tidigare, tr\u00e4nger de inte undan patienter som utifr\u00e5n sjukdomstillst\u00e5nd beh\u00f6ver sjukhusv\u00e5rd. Idag ger Region V\u00e4sternorrland v\u00e5rd p\u00e5 sjukhusniv\u00e5 i st\u00f6rre utstr\u00e4ckning \u00e4n n\u00e4sta alla andra regioner.<\/p>\n<p>Fr\u00e5n sjukhusv\u00e5rd till prim\u00e4rv\u00e5rd<\/p>\n<p>Som ett led i\u00a0f\u00f6rflyttningen mot en mer n\u00e4ra v\u00e5rd har regiondirekt\u00f6ren under h\u00f6sten f\u00e5tt i uppdrag av regionstyrelsen att f\u00f6rdjupa dialogen med l\u00e4nets kommuner f\u00f6r att gemensamt ta ytterligare steg i att konkretisera f\u00f6rflyttningen mot en god och n\u00e4ra v\u00e5rd, samt \u00f6ka takten. I uppdraget ing\u00e5r \u00e4ven att s\u00e4kerst\u00e4lla att arbetet med omst\u00e4llningen fr\u00e5n sjukhusv\u00e5rd till prim\u00e4rv\u00e5rd g\u00e5r fr\u00e5n ord till handling.<\/p>\n<blockquote>\n<p>&#8211; V\u00e5rden i V\u00e4sternorrland beh\u00f6ver b\u00e4ttre m\u00f6ta inv\u00e5narnas behov. Den v\u00e5rd som inv\u00e5narna beh\u00f6ver ofta i sin vardag ska finnas n\u00e4ra geografiskt. Tillsammans mellan s\u00e5v\u00e4l sjukhusv\u00e5rd, regional prim\u00e4rv\u00e5rd och kommunal prim\u00e4rv\u00e5rd kan vi \u00e5stadkomma det. Vi beh\u00f6ver i samarbetet utg\u00e5 ifr\u00e5n vem som har b\u00e4st kompetens f\u00f6r att kunna m\u00f6ta varje individs v\u00e5rdbehov, s\u00e4ger regiondirekt\u00f6r \u00c5sa Bellander.\u00a0 \u00a0 \u00a0 \u00a0 \u00a0<\/p>\n<\/blockquote>\n<p>Sjukhuset i Sollefte\u00e5 ska finnas kvar med f\u00f6ljande uppdrag:<\/p>\n<ul>\n<li>Sjukhuset beh\u00e5ller en internmedicinsk v\u00e5rdavdelning med 12 v\u00e5rdplatser, med fokus p\u00e5 att v\u00e5rda \u00e4ldre, sk\u00f6ra och multisjuka patienter.<\/li>\n<li>Akutmottagningen anpassas med inriktning p\u00e5 att ha l\u00e4karkompetens motsvarande specialister i intern-och allm\u00e4nmedicin.<\/li>\n<li>R\u00f6ntgenverksamhet dygnet runt<\/li>\n<li>Laboratorieverksamhet dygnet runt<\/li>\n<li>Den v\u00e5rd som inv\u00e5narna beh\u00f6ver ha n\u00e4ra och tillg\u00e4ngligt ska finnas kvar p\u00e5 sjukhuset. Dit h\u00f6r hela specialistmottagningen, med kardiologi, stroke, diabetes, klinisk fysiologi, AK-mottagning, hud, barn, \u00f6gon, ortopedisk mottagning.<\/li>\n<li>Dialys och dagv\u00e5rd ska finnas p\u00e5 sjukhuset<\/li>\n<li>Viss poliklinisk operationsverksamhet kan utf\u00f6ras \u00e4ven fram\u00f6ver<\/li>\n<li>Ambulansverksamheten anpassar sin verksamhet f\u00f6r att klara ett st\u00f6rre antal transporter och ha en beredskap som medger en god patients\u00e4kerhet.<\/li>\n<\/ul>\n","protected":false},"excerpt":{"rendered":"Region V\u00e4sternorrland genomf\u00f6r just nu en omfattande f\u00f6r\u00e4ndring av sjukhusv\u00e5rden. Syftet med f\u00f6r\u00e4ndringarna \u00e4r att skapa en robust&hellip;\n","protected":false},"author":2,"featured_media":46945,"comment_status":"","ping_status":"","sticky":false,"template":"","format":"standard","meta":{"footnotes":""},"categories":[12],"tags":[22,23,26,27,17,21,24,25,28,29,15,16,18,34,31,33,32,30,19,20],"class_list":{"0":"post-108041","1":"post","2":"type-post","3":"status-publish","4":"format-standard","5":"has-post-thumbnail","7":"category-sverige","8":"tag-breaking-news","9":"tag-breakingnews","10":"tag-featured-news","11":"tag-featurednews","12":"tag-headlines","13":"tag-huvudnyheter","14":"tag-latest-news","15":"tag-latestnews","16":"tag-main-news","17":"tag-mainnews","18":"tag-news","19":"tag-nyheter","20":"tag-rubriker","21":"tag-se","22":"tag-svenska","23":"tag-sverige","24":"tag-sweden","25":"tag-swedish","26":"tag-top-stories","27":"tag-topstories"},"share_on_mastodon":{"url":"https:\/\/pubeurope.com\/@se\/115730035898214159","error":""},"_links":{"self":[{"href":"https:\/\/www.europesays.com\/se\/wp-json\/wp\/v2\/posts\/108041","targetHints":{"allow":["GET"]}}],"collection":[{"href":"https:\/\/www.europesays.com\/se\/wp-json\/wp\/v2\/posts"}],"about":[{"href":"https:\/\/www.europesays.com\/se\/wp-json\/wp\/v2\/types\/post"}],"author":[{"embeddable":true,"href":"https:\/\/www.europesays.com\/se\/wp-json\/wp\/v2\/users\/2"}],"replies":[{"embeddable":true,"href":"https:\/\/www.europesays.com\/se\/wp-json\/wp\/v2\/comments?post=108041"}],"version-history":[{"count":0,"href":"https:\/\/www.europesays.com\/se\/wp-json\/wp\/v2\/posts\/108041\/revisions"}],"wp:featuredmedia":[{"embeddable":true,"href":"https:\/\/www.europesays.com\/se\/wp-json\/wp\/v2\/media\/46945"}],"wp:attachment":[{"href":"https:\/\/www.europesays.com\/se\/wp-json\/wp\/v2\/media?parent=108041"}],"wp:term":[{"taxonomy":"category","embeddable":true,"href":"https:\/\/www.europesays.com\/se\/wp-json\/wp\/v2\/categories?post=108041"},{"taxonomy":"post_tag","embeddable":true,"href":"https:\/\/www.europesays.com\/se\/wp-json\/wp\/v2\/tags?post=108041"}],"curies":[{"name":"wp","href":"https:\/\/api.w.org\/{rel}","templated":true}]}}