{"id":108042,"date":"2025-12-16T15:49:14","date_gmt":"2025-12-16T15:49:14","guid":{"rendered":"https:\/\/www.europesays.com\/se\/108042\/"},"modified":"2025-12-16T15:49:14","modified_gmt":"2025-12-16T15:49:14","slug":"sverigedemokraterna-utvisa-gangkriminella","status":"publish","type":"post","link":"https:\/\/www.europesays.com\/se\/108042\/","title":{"rendered":"Sverigedemokraterna: Utvisa g\u00e4ngkriminella"},"content":{"rendered":"<p><a class=\"wing-tag\" href=\"https:\/\/www.expressen.se\/om\/val-2026\/\" rel=\"nofollow noopener\" target=\"_blank\">Val 2026<\/a><\/p>\n<p>Publicerad 16 dec 2025 kl 12.51Uppdaterad kl 14.51<\/p>\n<p>Sverigedemokraterna vill f\u00e4ngsla och utvisa alla som \u00e4r g\u00e4ngkriminella.<\/p>\n<p>Det beskedet ger Henrik Vinge (SD) inf\u00f6r morgondagens m\u00f6te med Gunnar Str\u00f6mmer och alla riksdagspartier.<\/p>\n<p>\u2013\u00a0Det h\u00e4r \u00e4r d\u00f6dsst\u00f6ten f\u00f6r de kriminella g\u00e4ngen, s\u00e4ger han.<\/p>\n<p><img   alt=\"\"\/><\/p>\n<p>Henrik Vinge (SD).<\/p>\n<p>Foto: ANNA-KARIN NILSSON<\/p>\n<p>\u00d6ppna bild i helsk\u00e4rmArtikeln i korthet<\/p>\n<p> SD vill g\u00f6ra det brottsligt att vara medlem i ett g\u00e4ng.<\/p>\n<p> Alla g\u00e4ngkriminella med dubbla medborgarskap ska utvisas, enligt SD kan det r\u00f6ra sig om omkring 3 000 personer.<\/p>\n<p> Partiet beskriver f\u00f6rslaget som en \u201dd\u00f6dsst\u00f6t\u201d mot g\u00e4ngen.<\/p>\n<p>Visa mer<\/p>\n<p>P\u00e5 onsdagen tar justitieminister Gunnar Str\u00f6mmer (M) emot alla riksdagens partier. M\u00f6tet \u00e4r ett svar p\u00e5 S-ledaren Magdalena Anderssons inbjudan om en tio\u00e5rspakt om g\u00e4ngen.<\/p>\n<p>P\u00e5 m\u00f6tet v\u00e4ntas alla partier l\u00e4gga fram f\u00f6rslag kopplade till medborgarskap och nyrekrytering av unga till de kriminella organisationerna.<\/p>\n<p>Brottsligt vara g\u00e4ngmedlem<\/p>\n<p><a href=\"https:\/\/www.expressen.se\/tagg\/organization\/sverigedemokraterna\/\" class=\"\" rel=\"nofollow noopener\" target=\"_blank\">Sverigedemokraternas<\/a> Henrik Vinge, som \u00e4r ordf\u00f6rande i justitieutskottet och brukar pekas ut som Jimmie \u00c5kessons kronprins, g\u00e5r dit med ett helt nytt f\u00f6rslag, som internt kallas Saks, en f\u00f6rkortning f\u00f6r S\u00e4rskilda arbetsmetoder mot kriminella sammanslutningar.\u00a0<\/p>\n<p>Kravet kommer att bli centralt i SD:s valr\u00f6relse, och Vinge menar att han \u201dkommer att se till\u201d att det blir verklighet och del av ett nytt Tid\u00f6avtal om regeringen och SD f\u00e5r forts\u00e4tta styra efter 2026.<\/p>\n<p><img loading=\"lazy\"   alt=\"\"\/><\/p>\n<p>Henrik Vinge (SD) \u00e4r ordf\u00f6rande i justitieutskottet.<\/p>\n<p>Foto: ANNA H\u00c5LLAMS<\/p>\n<p>\u00d6ppna bild i helsk\u00e4rm<img loading=\"lazy\"   alt=\"\"\/><\/p>\n<p>Jimmie \u00c5kesson och Henrik Vinge, som brukar pekas ut som hans t\u00e4nkbara eftertr\u00e4dare.<\/p>\n<p>Foto: SVEN LINDWALL<\/p>\n<p>\u00d6ppna bild i helsk\u00e4rm<img loading=\"lazy\"   alt=\"\"\/><\/p>\n<p>Gunnar Str\u00f6mmer har bjudit in till g\u00e4ngm\u00f6te p\u00e5 onsdagen.<\/p>\n<p>Foto: Christine Olsson\/TT \/ TT NYHETSBYR\u00c5N<\/p>\n<p>\u00d6ppna bild i helsk\u00e4rm<\/p>\n<p>I praktiken handlar det om att SD vill g\u00f6ra det till ett nytt brott att vara med i en kriminell organisation. Alla som \u00e4r med ska kunna antingen f\u00e4ngslas, upp till livstid, eller utvisas, beroende p\u00e5 medborgarskap.\u00a0<\/p>\n<p>Den g\u00e4ngmedlem som har dubbelt medborgarskap ska bli av med sitt svenska medborgarskap \u2013 och utvisas. Och den som enbart har ett svenskt medborgarskap ska s\u00e4ttas i f\u00e4ngelse.<\/p>\n<p>\u2013\u00a0Det \u00e4r inte s\u00e5 att man beh\u00f6ver beg\u00e5 n\u00e5got nytt brott. Utan det faktum att man \u00e4r en del av en kriminell sammanslutning \u00e4r i sig tillr\u00e4cklig grund. Samtliga som \u00e4r aktiva i kriminella g\u00e4ng kommer att l\u00e5sas in och i de fall d\u00e4r det \u00e4r m\u00f6jligt kommer de att utvisas, s\u00e4ger Henrik Vinge.<\/p>\n<p>\u2013 Det h\u00e4r \u00e4r den enskilt kraftigaste \u00e5tg\u00e4rden som \u00f6verhuvudtaget g\u00e5r att genomf\u00f6ra i det r\u00e4ttssystem vi befinner oss i.<\/p>\n<p>Bevisen ska vara polisens lista \u00f6ver personen som ing\u00e5r i g\u00e4ngen, i dag finns cirka 17 500 personer registrerade.<\/p>\n<p>Exakt hur m\u00e5nga som kan ber\u00f6ras av utvisning p\u00e5 grund av deltagande i en kriminell organisation \u00e4r oklart, d\u00e5 det \u00e4r os\u00e4kert hur m\u00e5nga i g\u00e4ngen som har dubbelt medborgarskap.<\/p>\n<p>\u2013\u00a0Vi r\u00e4knar med att det \u00e4r minst 3 000 i alla fall, s\u00e4ger Vinge.<\/p>\n<p>P\u00e5minner om maffialagar<\/p>\n<p>Enligt Henrik Vinge skulle \u00e5tg\u00e4rden b\u00e5de skydda barn fr\u00e5n att dras in i g\u00e4ngen, men framf\u00f6r allt sl\u00e5 mot de vuxna som utnyttjar unga f\u00f6r brottsliga syften.<\/p>\n<p>Vilken \u00e5ldersgr\u00e4ns som ska g\u00e4lla f\u00f6r det nya brottet beh\u00f6ver utredas, men Vinge tror att 18 \u00e5r kan vara l\u00e4mpligt.<\/p>\n<p>Han framh\u00e5ller att SD:s f\u00f6rslag \u201dskulle bli d\u00f6dsst\u00f6ten f\u00f6r g\u00e4ngen\u201d d\u00e5 han menar att det \u00e4r anpassat direkt f\u00f6r svenska f\u00f6rh\u00e5llanden.\u00a0<\/p>\n<p>Det kan mer liknas vid italienska maffialagar \u00e4n den amerikanska Ricolagstiftningen, s\u00e4ger han.\u00a0<\/p>\n<p>\u2013\u00a0Ricolagstiftningen bygger p\u00e5 att man knyter organisationen till ett explicit brott. Du blir d\u00f6md f\u00f6r ett brott, inte f\u00f6r deltagande i g\u00e4ngkriminaliteten. Det vi g\u00f6r h\u00e4r \u00e4r att vi skapar ett nytt brott som \u00e4r deltagande i g\u00e4ngkriminalitet.<\/p>\n<p>Teresa Carvalho, r\u00e4ttspolitisk talesperson f\u00f6r Socialdemokraterna, \u00e4r inte imponerad.<\/p>\n<p>\u2013\u00a0Sverigedemokraterna verkar ha gl\u00f6mt att vi redan \u00e4r p\u00e5 g\u00e5ng att kriminalisera deltagande i g\u00e4ng och \u00e5terkalla medborgarskap, s\u00e4ger hon.<\/p>\n<p>Enligt Carvolho \u00e4r det \u201dsj\u00e4lvklart\u201d att g\u00e4ngkriminella ska sitta i f\u00e4ngelse och icke-medborgare utvisas.\u00a0<\/p>\n","protected":false},"excerpt":{"rendered":"Val 2026 Publicerad 16 dec 2025 kl 12.51Uppdaterad kl 14.51 Sverigedemokraterna vill f\u00e4ngsla och utvisa alla som \u00e4r&hellip;\n","protected":false},"author":2,"featured_media":108043,"comment_status":"","ping_status":"","sticky":false,"template":"","format":"standard","meta":{"footnotes":""},"categories":[5],"tags":[22,23,26,27,17,21,24,25,28,29,15,3464,16,43,38,1459,18,34,583,31,33,32,30,19,2057,740,20],"class_list":{"0":"post-108042","1":"post","2":"type-post","3":"status-publish","4":"format-standard","5":"has-post-thumbnail","7":"category-rubriker","8":"tag-breaking-news","9":"tag-breakingnews","10":"tag-featured-news","11":"tag-featurednews","12":"tag-headlines","13":"tag-huvudnyheter","14":"tag-latest-news","15":"tag-latestnews","16":"tag-main-news","17":"tag-mainnews","18":"tag-news","19":"tag-newsstory-val-2026","20":"tag-nyheter","21":"tag-organization-regeringen","22":"tag-organization-sverigedemokraterna","23":"tag-person-gunnar-strommer","24":"tag-rubriker","25":"tag-se","26":"tag-sections-politik","27":"tag-svenska","28":"tag-sverige","29":"tag-sweden","30":"tag-swedish","31":"tag-top-stories","32":"tag-topic-kriminalpolitik","33":"tag-topic-migration-integration","34":"tag-topstories"},"share_on_mastodon":{"url":"https:\/\/pubeurope.com\/@se\/115730039677962007","error":""},"_links":{"self":[{"href":"https:\/\/www.europesays.com\/se\/wp-json\/wp\/v2\/posts\/108042","targetHints":{"allow":["GET"]}}],"collection":[{"href":"https:\/\/www.europesays.com\/se\/wp-json\/wp\/v2\/posts"}],"about":[{"href":"https:\/\/www.europesays.com\/se\/wp-json\/wp\/v2\/types\/post"}],"author":[{"embeddable":true,"href":"https:\/\/www.europesays.com\/se\/wp-json\/wp\/v2\/users\/2"}],"replies":[{"embeddable":true,"href":"https:\/\/www.europesays.com\/se\/wp-json\/wp\/v2\/comments?post=108042"}],"version-history":[{"count":0,"href":"https:\/\/www.europesays.com\/se\/wp-json\/wp\/v2\/posts\/108042\/revisions"}],"wp:featuredmedia":[{"embeddable":true,"href":"https:\/\/www.europesays.com\/se\/wp-json\/wp\/v2\/media\/108043"}],"wp:attachment":[{"href":"https:\/\/www.europesays.com\/se\/wp-json\/wp\/v2\/media?parent=108042"}],"wp:term":[{"taxonomy":"category","embeddable":true,"href":"https:\/\/www.europesays.com\/se\/wp-json\/wp\/v2\/categories?post=108042"},{"taxonomy":"post_tag","embeddable":true,"href":"https:\/\/www.europesays.com\/se\/wp-json\/wp\/v2\/tags?post=108042"}],"curies":[{"name":"wp","href":"https:\/\/api.w.org\/{rel}","templated":true}]}}