{"id":108044,"date":"2025-12-16T15:51:13","date_gmt":"2025-12-16T15:51:13","guid":{"rendered":"https:\/\/www.europesays.com\/se\/108044\/"},"modified":"2025-12-16T15:51:13","modified_gmt":"2025-12-16T15:51:13","slug":"akuta-skyddsarbeten-godkanda-for-skotsk-klassiker","status":"publish","type":"post","link":"https:\/\/www.europesays.com\/se\/108044\/","title":{"rendered":"Akuta skyddsarbeten godk\u00e4nda f\u00f6r skotsk klassiker"},"content":{"rendered":"<p>North Berwick GC har f\u00e5tt gr\u00f6nt ljus f\u00f6r omfattande och akuta \u00e5tg\u00e4rder f\u00f6r att skydda sin klassiska bana West Links mot kusterosion. Beslutet fattades enh\u00e4lligt av East Lothian Councils planeringskommitt\u00e9 tidigare i december.<\/p>\n<p>De nya skydds\u00e5tg\u00e4rderna kommer att genomf\u00f6ras runt greenerna p\u00e5 h\u00e5l 13 och 14 samt vid tee p\u00e5 h\u00e5l 3, omr\u00e5den som bed\u00f6mts l\u00f6pa en \u201dkritisk risk\u201d att skadas ytterligare av havet. <\/p>\n<p>Projektet omfattar \u00e5terst\u00e4llning av befintliga stenkorgar, installation av nya korgar och madrasser, restaurering av sanddyner samt andra f\u00f6rst\u00e4rkande kustarbeten. M\u00e5let \u00e4r att s\u00e4kra strandlinjen utan att p\u00e5verka banans karakt\u00e4r.<\/p>\n<p>Sm\u00e4lta in naturligt<\/p>\n<p>Klubbens general manager Stuart Bayne har pekat ut kusterosion som en avg\u00f6rande framtidsfr\u00e5ga.<\/p>\n<p>\u2013 Vi \u00e4r f\u00f6rvaltare av den h\u00e4r fantastiska banan under en mycket kort del av dess l\u00e5nga historia. Efter stormen Babet f\u00f6rlorade vi runt fyra meter av greener och tees, s\u00e5 det h\u00e4r arbetet \u00e4r helt n\u00f6dv\u00e4ndigt, s\u00e4ger Bayne.<\/p>\n<p>Arbetet kommer att anv\u00e4nda s\u00e5 kallad \u201ddold ingenj\u00f6rskonst\u201d, d\u00e4r kustgr\u00e4s planteras f\u00f6r att skyddet ska sm\u00e4lta in naturligt i landskapet och samtidigt ge l\u00e5ngsiktig stabilitet.<\/p>\n<p>I samband med beslutet betonade lokalpolitiker att West Links inte bara \u00e4r en av v\u00e4rldens \u00e4ldsta golfbanor \u2013 den r\u00e4knas som den 13:e \u00e4ldsta i v\u00e4rlden \u2013 utan ocks\u00e5 en central del av North Berwicks ekonomi. Banan lockar omkring 12 000 golfare varje \u00e5r.<\/p>\n<p>F\u00f6rhoppningen \u00e4r att arbetet med kustskyddet ska kunna inledas redan under vintern.<\/p>\n","protected":false},"excerpt":{"rendered":"North Berwick GC har f\u00e5tt gr\u00f6nt ljus f\u00f6r omfattande och akuta \u00e5tg\u00e4rder f\u00f6r att skydda sin klassiska bana&hellip;\n","protected":false},"author":2,"featured_media":108045,"comment_status":"","ping_status":"","sticky":false,"template":"","format":"standard","meta":{"footnotes":""},"categories":[68],"tags":[34,111,110,31,33,32,30],"class_list":{"0":"post-108044","1":"post","2":"type-post","3":"status-publish","4":"format-standard","5":"has-post-thumbnail","7":"category-sport","8":"tag-se","9":"tag-sport","10":"tag-sports","11":"tag-svenska","12":"tag-sverige","13":"tag-sweden","14":"tag-swedish"},"share_on_mastodon":{"url":"https:\/\/pubeurope.com\/@se\/115730047561354703","error":""},"_links":{"self":[{"href":"https:\/\/www.europesays.com\/se\/wp-json\/wp\/v2\/posts\/108044","targetHints":{"allow":["GET"]}}],"collection":[{"href":"https:\/\/www.europesays.com\/se\/wp-json\/wp\/v2\/posts"}],"about":[{"href":"https:\/\/www.europesays.com\/se\/wp-json\/wp\/v2\/types\/post"}],"author":[{"embeddable":true,"href":"https:\/\/www.europesays.com\/se\/wp-json\/wp\/v2\/users\/2"}],"replies":[{"embeddable":true,"href":"https:\/\/www.europesays.com\/se\/wp-json\/wp\/v2\/comments?post=108044"}],"version-history":[{"count":0,"href":"https:\/\/www.europesays.com\/se\/wp-json\/wp\/v2\/posts\/108044\/revisions"}],"wp:featuredmedia":[{"embeddable":true,"href":"https:\/\/www.europesays.com\/se\/wp-json\/wp\/v2\/media\/108045"}],"wp:attachment":[{"href":"https:\/\/www.europesays.com\/se\/wp-json\/wp\/v2\/media?parent=108044"}],"wp:term":[{"taxonomy":"category","embeddable":true,"href":"https:\/\/www.europesays.com\/se\/wp-json\/wp\/v2\/categories?post=108044"},{"taxonomy":"post_tag","embeddable":true,"href":"https:\/\/www.europesays.com\/se\/wp-json\/wp\/v2\/tags?post=108044"}],"curies":[{"name":"wp","href":"https:\/\/api.w.org\/{rel}","templated":true}]}}