{"id":108052,"date":"2025-12-16T15:57:27","date_gmt":"2025-12-16T15:57:27","guid":{"rendered":"https:\/\/www.europesays.com\/se\/108052\/"},"modified":"2025-12-16T15:57:27","modified_gmt":"2025-12-16T15:57:27","slug":"giftkvinnan-kommer-inte-aterga-till-jobbet-trots-att-hon-ar-slappt","status":"publish","type":"post","link":"https:\/\/www.europesays.com\/se\/108052\/","title":{"rendered":"Giftkvinnan kommer inte \u00e5terg\u00e5 till jobbet \u2013 trots att hon \u00e4r sl\u00e4ppt"},"content":{"rendered":"<p><a data-test-tag=\"internal-link\" href=\"https:\/\/www.aftonbladet.se\/av\/amanda-hallsten\" class=\"hyperion-css-13ns1rr\" rel=\"nofollow noopener\" target=\"\" aria-label=\"Se alla artiklar av Amanda H\u00e4llsten\"><img decoding=\"async\" class=\"image-asset hyperion-css-n6kkq1\" data-test-tag=\"image-asset\" src=\"https:\/\/www.europesays.com\/se\/wp-content\/uploads\/2025\/12\/1765900646_260_d03087d7-b67e-4a2d-9ab9-086b23863ce8\"  alt=\"\"  loading=\"lazy\" fetchpriority=\"auto\" style=\"aspect-ratio:1900 \/ 1900\"\/><\/a><\/p>\n<p class=\"boxtextgrotesk-root_baa6 hyperion-css-7pajle\">Uppdaterad 13.06 | Publicerad 12.44<\/p>\n<p>share-arrowDela<\/p>\n<p>unsaveSpara<\/p>\n<p>expand-left<\/p>\n<p>helsk\u00e4rm<img decoding=\"async\" class=\"image-asset hyperion-css-u06ts1\" data-test-tag=\"image-asset\" src=\"https:\/\/www.europesays.com\/se\/wp-content\/uploads\/2025\/12\/14b6528f-5c91-470a-b593-f7fe0b73a36d\"  alt=\"S\u00e4kerhetschef p\u00e5 Akademiska sjukhuset, Viktor Ekstr\u00f6m.\"  loading=\"eager\" fetchpriority=\"high\" style=\"aspect-ratio:1900 \/ 1267\"\/>S\u00e4kerhetschef p\u00e5 Akademiska sjukhuset, Viktor Ekstr\u00f6m. Foto: Aftonbladet\/Jerker Ivarsson<\/p>\n<p class=\"hyperion-css-1shl3oz\" data-test-tag=\"lead-text\">Kvinnan som misst\u00e4nks ha f\u00f6rgiftat sina kollegor p\u00e5 Akademiska har sl\u00e4ppts p\u00e5 fri fot.<\/p>\n<p class=\"hyperion-css-1shl3oz\" data-test-tag=\"lead-text\">Men hon kommer inte \u00e5terv\u00e4nda till jobbet. <\/p>\n<p class=\"hyperion-css-1shl3oz\" data-test-tag=\"lead-text\">\u2013 S\u00e5 l\u00e4nge en utredning p\u00e5g\u00e5r brukar man generellt inte arbeta, s\u00e4ger sjukhusets s\u00e4kerhetschef Viktor Ekstr\u00f6m.<\/p>\n<p class=\"hyperion-css-1v9qo5x\">Den kvinna i 60-\u00e5rs\u00e5ldern som tidigare suttit h\u00e4ktad sk\u00e4ligen misst\u00e4nkt f\u00f6r fyra fall av grov misshandel efter f\u00f6rgiftningarna p\u00e5\u00a0<a data-test-tag=\"internal-link\" href=\"https:\/\/www.aftonbladet.se\/tagg\/akademiska-sjukhuset\" class=\"hyperion-css-15jkft9\" rel=\"nofollow noopener\" target=\"\" aria-label=\"Akademiska sjukhuset\">Akademiska sjukhuset<\/a>\u00a0i\u00a0<a aria-label=\"Uppsala \" class=\"default hyperion-css-15jkft9\" href=\"https:\/\/www.aftonbladet.se\/uppsala\" rel=\"noopener nofollow\" data-test-tag=\"external-link\" target=\"_blank\">Uppsala <\/a>sl\u00e4pptes efter sin h\u00e4ktningsf\u00f6rhandling p\u00e5 m\u00e5ndagen.<\/p>\n<p>expand-left<\/p>\n<p>helsk\u00e4rm<img decoding=\"async\" class=\"image-asset hyperion-css-u06ts1\" data-test-tag=\"image-asset\" src=\"https:\/\/www.europesays.com\/se\/wp-content\/uploads\/2025\/12\/acf23166-d4bd-40b4-b09d-f1f44a803368\"  alt=\"Den misst\u00e4nkta giftkvinnan \u00e4r sl\u00e4ppt p\u00e5 fri fot.\"  loading=\"eager\" fetchpriority=\"high\" style=\"aspect-ratio:440 \/ 591\"\/>Den misst\u00e4nkta giftkvinnan \u00e4r sl\u00e4ppt p\u00e5 fri fot.<\/p>\n<p class=\"hyperion-css-1v9qo5x\">Kvinnans advokat Stefan Wallin s\u00e4ger att kvinnan \u00e4r n\u00f6jd med beslutet.<\/p>\n<p class=\"hyperion-css-1v9qo5x\">\u2013 Vi tycker att det \u00e4r ett riktigt beslut. Min klient \u00e4r v\u00e4ldigt glad och l\u00e4ttad. <\/p>\n<p class=\"hyperion-css-1v9qo5x\">Det inneb\u00e4r att hon nu \u00e4r p\u00e5 fri fot. Kvinnan \u00e4r anst\u00e4lld p\u00e5 sjukhuset sedan flera \u00e5r tillbaka. Sjukhusets rutiner \u00e4r dock att anst\u00e4llda inte ska jobba s\u00e5 l\u00e4nge en utredning p\u00e5g\u00e5r. <\/p>\n<p class=\"hyperion-css-1v9qo5x\">\u2013 Jag kan s\u00e4ga generellt att vi har som rutin att medarbetare som misst\u00e4nks f\u00f6r brott st\u00e4ngs av fr\u00e5n arbetet i avvaktan p\u00e5 utredningen. S\u00e5 l\u00e4nge en utredning p\u00e5g\u00e5r brukar man allts\u00e5 inte arbeta, s\u00e4ger Viktor Ekstr\u00f6m, s\u00e4kerhetschef p\u00e5 <a data-test-tag=\"internal-link\" href=\"https:\/\/www.aftonbladet.se\/tagg\/akademiska-sjukhuset\" class=\"hyperion-css-15jkft9\" rel=\"nofollow noopener\" target=\"\" aria-label=\"Akademiska sjukhuset\">Akademiska sjukhuset<\/a>. <\/p>\n<p>Oro bland v\u00e5rdpersonalen<\/p>\n<p class=\"hyperion-css-1v9qo5x\">Efter att fallet kommit upp till ytan har sjukhuset vidtagit en rad \u00e5tg\u00e4rder. <\/p>\n<p class=\"hyperion-css-1v9qo5x\">\u2013 Det handlar bland annat om \u00f6kad n\u00e4rvaro av chefer och informationsm\u00f6ten f\u00f6r personalen. Vi identifierar ocks\u00e5 vilket st\u00f6d som beh\u00f6vs och tar d\u00e5 hj\u00e4lp av v\u00e5r f\u00f6retagsh\u00e4lsov\u00e5rd, s\u00e4ger han.<\/p>\n<p class=\"hyperion-css-1v9qo5x\">Viktor Ekstr\u00f6m s\u00e4ger ocks\u00e5 att det finns en oro bland sjukhusets anst\u00e4llda.<\/p>\n<p class=\"hyperion-css-1v9qo5x\">\u2013 Det h\u00e4r misst\u00e4nkta brottet har v\u00e4ckt v\u00e4ldigt m\u00e5nga tankar och reaktioner hos personalen, och det finns ocks\u00e5 m\u00e5nga fr\u00e5gor. Samtidigt avvaktar vi den fortsatta utredningen som fortfarande p\u00e5g\u00e5r.<\/p>\n<p>expand-left<\/p>\n<p>helsk\u00e4rm<img decoding=\"async\" class=\"image-asset hyperion-css-u06ts1\" data-test-tag=\"image-asset\" src=\"https:\/\/www.europesays.com\/se\/wp-content\/uploads\/2025\/12\/e7544085-a1ce-48bd-aeb7-455f62da16fa\"  alt=\"Flera personer har f\u00f6rgiftats p\u00e5 Akademiska sjukhuset i Uppsala.\"  loading=\"eager\" fetchpriority=\"high\" style=\"aspect-ratio:1900 \/ 1267\"\/>Flera personer har f\u00f6rgiftats p\u00e5 Akademiska sjukhuset i Uppsala. Foto: Christine Olsson\/TTMisst\u00e4nks fortsatt f\u00f6r mordf\u00f6rs\u00f6k <\/p>\n<p class=\"hyperion-css-1v9qo5x\">\u00c4ven om kvinnan inte l\u00e4ngre \u00e4r h\u00e4ktad \u00e4r hon fortfarande misst\u00e4nkt f\u00f6r f\u00f6rgiftningarna. \u00c5klagare Emma H\u00e4ggstr\u00f6m, som leder utredningen, tycker inte att tingsr\u00e4ttens beslut om att f\u00f6rs\u00e4tta kvinnan p\u00e5 fri fot har f\u00f6r\u00e4ndrat misstankarna mot henne.<\/p>\n<p class=\"hyperion-css-1v9qo5x\">\u2013 Vi kommer att f\u00f6reta ytterligare utrednings\u00e5tg\u00e4rder. Jag anser att det vi utreder \u00e4r f\u00f6rs\u00f6k till mord, sa Emma H\u00e4ggstr\u00f6m p\u00e5 m\u00e5ndagen. <\/p>\n<p class=\"hyperion-css-1v9qo5x\">De inv\u00e4ntar nu ytterligare underlag som ska kunna ta utredningen vidare.<\/p>\n<p class=\"hyperion-css-1v9qo5x\">\u2013 Det jag kan s\u00e4ga \u00e4r att vi bland annat inv\u00e4ntar analysbesked som f\u00f6rhoppningsvis kommer kunna klarg\u00f6ra ytterligare vad som har h\u00e4nt, s\u00e4ger Emma H\u00e4ggstr\u00f6m. <\/p>\n","protected":false},"excerpt":{"rendered":"Uppdaterad 13.06 | Publicerad 12.44 share-arrowDela unsaveSpara expand-left helsk\u00e4rmS\u00e4kerhetschef p\u00e5 Akademiska sjukhuset, Viktor Ekstr\u00f6m. Foto: Aftonbladet\/Jerker Ivarsson Kvinnan&hellip;\n","protected":false},"author":2,"featured_media":108053,"comment_status":"","ping_status":"","sticky":false,"template":"","format":"standard","meta":{"footnotes":""},"categories":[5],"tags":[22,23,26,27,17,21,24,25,28,29,15,16,18,34,31,33,32,30,19,20],"class_list":{"0":"post-108052","1":"post","2":"type-post","3":"status-publish","4":"format-standard","5":"has-post-thumbnail","7":"category-rubriker","8":"tag-breaking-news","9":"tag-breakingnews","10":"tag-featured-news","11":"tag-featurednews","12":"tag-headlines","13":"tag-huvudnyheter","14":"tag-latest-news","15":"tag-latestnews","16":"tag-main-news","17":"tag-mainnews","18":"tag-news","19":"tag-nyheter","20":"tag-rubriker","21":"tag-se","22":"tag-svenska","23":"tag-sverige","24":"tag-sweden","25":"tag-swedish","26":"tag-top-stories","27":"tag-topstories"},"share_on_mastodon":{"url":"https:\/\/pubeurope.com\/@se\/115730071289075328","error":""},"_links":{"self":[{"href":"https:\/\/www.europesays.com\/se\/wp-json\/wp\/v2\/posts\/108052","targetHints":{"allow":["GET"]}}],"collection":[{"href":"https:\/\/www.europesays.com\/se\/wp-json\/wp\/v2\/posts"}],"about":[{"href":"https:\/\/www.europesays.com\/se\/wp-json\/wp\/v2\/types\/post"}],"author":[{"embeddable":true,"href":"https:\/\/www.europesays.com\/se\/wp-json\/wp\/v2\/users\/2"}],"replies":[{"embeddable":true,"href":"https:\/\/www.europesays.com\/se\/wp-json\/wp\/v2\/comments?post=108052"}],"version-history":[{"count":0,"href":"https:\/\/www.europesays.com\/se\/wp-json\/wp\/v2\/posts\/108052\/revisions"}],"wp:featuredmedia":[{"embeddable":true,"href":"https:\/\/www.europesays.com\/se\/wp-json\/wp\/v2\/media\/108053"}],"wp:attachment":[{"href":"https:\/\/www.europesays.com\/se\/wp-json\/wp\/v2\/media?parent=108052"}],"wp:term":[{"taxonomy":"category","embeddable":true,"href":"https:\/\/www.europesays.com\/se\/wp-json\/wp\/v2\/categories?post=108052"},{"taxonomy":"post_tag","embeddable":true,"href":"https:\/\/www.europesays.com\/se\/wp-json\/wp\/v2\/tags?post=108052"}],"curies":[{"name":"wp","href":"https:\/\/api.w.org\/{rel}","templated":true}]}}