{"id":108059,"date":"2025-12-16T16:04:19","date_gmt":"2025-12-16T16:04:19","guid":{"rendered":"https:\/\/www.europesays.com\/se\/108059\/"},"modified":"2025-12-16T16:04:19","modified_gmt":"2025-12-16T16:04:19","slug":"medborgarundersokningen-2025-fortsatt-pressad-privatekonomi-men-otryggheten-oforandrad","status":"publish","type":"post","link":"https:\/\/www.europesays.com\/se\/108059\/","title":{"rendered":"Medborgarunders\u00f6kningen 2025: Fortsatt pressad privatekonomi \u2013 men otryggheten of\u00f6r\u00e4ndrad"},"content":{"rendered":"<p>F\u00e5 tecken p\u00e5 f\u00f6rb\u00e4ttring inom privatekonomin<\/p>\n<p class=\"normal\">Stockholms l\u00e4n har under en l\u00e5ng tid varit landets ekonomiska motor. Men 2020-talet har pr\u00e4glats av ekonomisk turbulens. Efter pandemin f\u00f6ljde Rysslands invasion av Ukraina, stigande inflation och snabbt h\u00f6jda r\u00e4ntor som slog h\u00e5rt mot hush\u00e5llens ekonomi \u2013 s\u00e4rskilt i Stockholms l\u00e4n d\u00e4r bostadspriser och bol\u00e5n ligger h\u00f6gre \u00e4n i \u00f6vriga landet. Utvecklingen speglades i 2023 \u00e5rs unders\u00f6kning d\u00e4r i stort sett alla omr\u00e5den som r\u00f6rde den privatekonomiska situationen beskrevs i dystra termer.<\/p>\n<p class=\"normal\">\u00c5rets resultat visar att n\u00e5gon tydlig \u00e5terh\u00e4mtning \u00e4nnu inte syns.<\/p>\n<blockquote class=\"env-blockquote\">\n<p class=\"normal\">M\u00e5nga hush\u00e5ll st\u00e5r fortfarande under press. Vi ser vissa ljuspunkter, som att fler upplever att ekonomin f\u00f6rb\u00e4ttrats de senaste \u00e5ren och att fem\u00e5rsutsikterna blivit n\u00e5got ljusare. Men helhetsbilden \u00e4r att inv\u00e5narnas ekonomiska trygghet fortsatt \u00e4r s\u00e4mre \u00e4n f\u00f6re kriserna, och i vissa fall s\u00e4mre \u00e4n 2023, s\u00e4ger Per Bark, analyschef vid L\u00e4nsstyrelsen Stockholm.<\/p>\n<\/blockquote>\n<p>Fler \u00e4r oroliga f\u00f6r sin ekonomi och arbetsl\u00f6shet<\/p>\n<p class=\"normal\">47 procent av inv\u00e5narna \u00e4r n\u00f6jda med sin ekonomi \u2013 j\u00e4mf\u00f6rt med 49 procent 2023. Det \u00e4r ocks\u00e5 en minskning med tio procentenheter sedan 2021. Nedg\u00e5ngen \u00e5terfinns i princip i alla grupper utom bland \u00e4ldre (65\u201385 \u00e5r).<\/p>\n<p class=\"normal\">Dessutom \u00f6kar oron f\u00f6r den egna ekonomin. 21 procent oroar sig f\u00f6r sin ekonomi, vilket motsvarar 390 000 l\u00e4nsinv\u00e5nare. Det \u00e4r en liten \u00f6kning j\u00e4mf\u00f6rt med 2023 och p\u00e5tagligt mer \u00e4n 2021.<\/p>\n<p class=\"normal\">\u00c4ven den h\u00f6ga arbetsl\u00f6sheten har satt sina avtryck.<\/p>\n<blockquote class=\"env-blockquote\">\n<p class=\"normal\">Andelen som oroar sig f\u00f6r arbetsl\u00f6shet har \u00f6kat fr\u00e5n 19 till 25 procent sedan m\u00e4tningen f\u00f6r tv\u00e5 \u00e5r sedan. \u00d6kningen \u00e4r kraftigare bland personer som har eftergymnasial utbildning och oron f\u00f6r arbetsl\u00f6shet bland dem ligger nu p\u00e5 samma niv\u00e5 som \u00f6vriga utbildningsgrupper. Det \u00e4r en skillnad mot tidigare m\u00e4tningar, s\u00e4ger Per Bark.<\/p>\n<\/blockquote>\n<p class=\"normal\">27 procent av l\u00e4nsinv\u00e5narna saknar ekonomiska marginaler att kunna betala en ov\u00e4ntad utgift i storleksordningen 14 000 kronor, utan att l\u00e5na eller be om hj\u00e4lp. Bland unga (18\u201330 \u00e5r) och bland personer med utl\u00e4ndsk bakgrund \u00e4r andelarna h\u00f6gre, 41 respektive 38 procent.<\/p>\n<p>H\u00f6g men of\u00f6r\u00e4ndrad upplevelse av otrygghet<\/p>\n<p class=\"normal\">Brottsutvecklingen i Stockholms l\u00e4n har l\u00e4nge varit en central samh\u00e4llsfr\u00e5ga. I ett l\u00e4ngre perspektiv har det d\u00f6dliga v\u00e5ldet \u00f6kat. \u00c4ven om antalet skjutningar har minskat under 2020-talet ligger l\u00e4net fortsatt \u00f6ver riksgenomsnittet n\u00e4r det g\u00e4ller anm\u00e4lda brott.<\/p>\n<p class=\"normal\">Trots detta \u00e4r den upplevda tryggheten i vardagen relativt of\u00f6r\u00e4ndrad j\u00e4mf\u00f6rt med 2023 \u00e5rs m\u00e4tning.<\/p>\n<blockquote class=\"env-blockquote\">\n<p class=\"normal\">Det \u00e4r f\u00f6rst\u00e5s positivt att otryggheten inte forts\u00e4tter att \u00f6ka, men vi ska komma ih\u00e5g att den ligger kvar p\u00e5 en h\u00f6g niv\u00e5 j\u00e4mf\u00f6rt med tidigare \u00e5r. Otryggheten \u00e4r p\u00e5 m\u00e5nga s\u00e4tt etablerad p\u00e5 h\u00f6gre niv\u00e5, Gunhild Graseman, analytiker vid L\u00e4nsstyrelsen.<\/p>\n<\/blockquote>\n<p class=\"normal\">21 procent uppger att de ofta eller ibland k\u00e4nner sig otrygga i sitt bostadsomr\u00e5de kv\u00e4llstid, en niv\u00e5 som varit stabil i fyra \u00e5rs tid. \u00c5tta procent upplever otrygghet dagtid och sex procent har k\u00e4nt sig otrygga i sin egen bostad.<\/p>\n<p class=\"normal\">Otryggheten p\u00e5verkar \u00e4ven beteenden. 32 procent har avst\u00e5tt fr\u00e5n aktiviteter det senaste \u00e5ret av r\u00e4dsla f\u00f6r att uts\u00e4ttas f\u00f6r brott \u2013 en marginell \u00f6kning fr\u00e5n f\u00f6reg\u00e5ende m\u00e4tning. Oron f\u00f6r att uts\u00e4ttas f\u00f6r v\u00e5ld har \u00f6kat. Den faktiska utsattheten f\u00f6r v\u00e5ld eller hot om v\u00e5ld \u00e4r d\u00e4remot of\u00f6r\u00e4ndrad sedan 2021.<\/p>\n<p>\u00d6kad pessimism om framtiden<\/p>\n<p class=\"normal\">H\u00e4lften av l\u00e4nets inv\u00e5nare tror att tryggheten i l\u00e4net kommer att vara s\u00e4mre om 10\u201315 \u00e5r. Det \u00e4r en f\u00f6rdubbling sedan 2011.<\/p>\n<blockquote class=\"env-blockquote\">\n<p class=\"normal\">Det \u00e4r nedsl\u00e5ende att s\u00e5 m\u00e5nga f\u00f6rv\u00e4ntar sig en f\u00f6rs\u00e4mrad trygghet fram\u00f6ver. Samtidigt \u00e4r det viktigt att se att den vardagliga tryggheten inte f\u00f6rs\u00e4mrats de senaste \u00e5ren, och att tilliten m\u00e4nniskor emellan i m\u00e5nga bostadsomr\u00e5den st\u00e5r sig stark, s\u00e4ger Gunhild Graseman.<\/p>\n<\/blockquote>\n<p>Fler resultat<\/p>\n<p class=\"normal\">Medborgarunders\u00f6kningen 2025 visar ocks\u00e5 resultat som att<\/p>\n<ul class=\" env-text-list normal\">\n<li>87 procent \u00e4r n\u00f6jda med det liv de lever<\/li>\n<li>8 av 10 har rest med flyg senaste \u00e5ret<\/li>\n<li>64 procent vill se fler bost\u00e4der i l\u00e4net (minskande trend sedan 2019)<\/li>\n<li>55 procent vill se mer vindkraft i l\u00e4net<\/li>\n<li>18 procent upplever sig tr\u00e5ngbodda<\/li>\n<li>80 procent ser sig som milj\u00f6medvetna<\/li>\n<li>6 av 10 vill ha h\u00f6gre krav p\u00e5 att leva milj\u00f6v\u00e4nligt<\/li>\n<li>f\u00f6rtroendet f\u00f6r samh\u00e4llets krisberedskap har \u00f6kat sedan 2023<\/li>\n<li>43 procent tror att barns och ungas uppv\u00e4xtvillkor kommer att f\u00f6rs\u00e4mras<\/li>\n<li>7 av 10 har anv\u00e4nt AI-verktyg senaste \u00e5ret (4 av 10 bland \u00e4ldre)<\/li>\n<li>f\u00e4rre \u00e4n tidigare upplever buller, luftf\u00f6roreningar och nedskr\u00e4pning som problem i den offentliga milj\u00f6n.<\/li>\n<\/ul>\n<p class=\"normal\">Resultatet presenteras i olika delar: en filmad presentation av omr\u00e5det ekonomi, en filmad presentation av omr\u00e5det trygghet, en Powerpointpresentation och ett PM. Dessutom finns resultatet uppdelat p\u00e5 l\u00e4ns- respektive kommunniv\u00e5 samt f\u00f6rdelat p\u00e5 k\u00f6n, \u00e5lder samt svensk eller utl\u00e4ndsk bakgrund. Allt underlag finns under &#8221;Medborgarunders\u00f6kningen 2025&#8221; p\u00e5 webbsidan &#8221;Medborgarunders\u00f6kning&#8221;:<\/p>\n<p class=\"sv-font-brodtext-med-bla-lankning\"><a href=\"https:\/\/www.lansstyrelsen.se\/stockholm\/om-oss\/om-lanet\/medborgarundersokning.html\" rel=\"nofollow noopener\" target=\"_blank\">Medborgarunders\u00f6kning<\/a><\/p>\n","protected":false},"excerpt":{"rendered":"F\u00e5 tecken p\u00e5 f\u00f6rb\u00e4ttring inom privatekonomin Stockholms l\u00e4n har under en l\u00e5ng tid varit landets ekonomiska motor. Men&hellip;\n","protected":false},"author":2,"featured_media":108060,"comment_status":"","ping_status":"","sticky":false,"template":"","format":"standard","meta":{"footnotes":""},"categories":[12],"tags":[22,23,26,27,17,21,24,25,28,29,15,16,18,34,31,33,32,30,19,20],"class_list":{"0":"post-108059","1":"post","2":"type-post","3":"status-publish","4":"format-standard","5":"has-post-thumbnail","7":"category-sverige","8":"tag-breaking-news","9":"tag-breakingnews","10":"tag-featured-news","11":"tag-featurednews","12":"tag-headlines","13":"tag-huvudnyheter","14":"tag-latest-news","15":"tag-latestnews","16":"tag-main-news","17":"tag-mainnews","18":"tag-news","19":"tag-nyheter","20":"tag-rubriker","21":"tag-se","22":"tag-svenska","23":"tag-sverige","24":"tag-sweden","25":"tag-swedish","26":"tag-top-stories","27":"tag-topstories"},"share_on_mastodon":{"url":"https:\/\/pubeurope.com\/@se\/115730098655940526","error":""},"_links":{"self":[{"href":"https:\/\/www.europesays.com\/se\/wp-json\/wp\/v2\/posts\/108059","targetHints":{"allow":["GET"]}}],"collection":[{"href":"https:\/\/www.europesays.com\/se\/wp-json\/wp\/v2\/posts"}],"about":[{"href":"https:\/\/www.europesays.com\/se\/wp-json\/wp\/v2\/types\/post"}],"author":[{"embeddable":true,"href":"https:\/\/www.europesays.com\/se\/wp-json\/wp\/v2\/users\/2"}],"replies":[{"embeddable":true,"href":"https:\/\/www.europesays.com\/se\/wp-json\/wp\/v2\/comments?post=108059"}],"version-history":[{"count":0,"href":"https:\/\/www.europesays.com\/se\/wp-json\/wp\/v2\/posts\/108059\/revisions"}],"wp:featuredmedia":[{"embeddable":true,"href":"https:\/\/www.europesays.com\/se\/wp-json\/wp\/v2\/media\/108060"}],"wp:attachment":[{"href":"https:\/\/www.europesays.com\/se\/wp-json\/wp\/v2\/media?parent=108059"}],"wp:term":[{"taxonomy":"category","embeddable":true,"href":"https:\/\/www.europesays.com\/se\/wp-json\/wp\/v2\/categories?post=108059"},{"taxonomy":"post_tag","embeddable":true,"href":"https:\/\/www.europesays.com\/se\/wp-json\/wp\/v2\/tags?post=108059"}],"curies":[{"name":"wp","href":"https:\/\/api.w.org\/{rel}","templated":true}]}}