{"id":108061,"date":"2025-12-16T16:05:56","date_gmt":"2025-12-16T16:05:56","guid":{"rendered":"https:\/\/www.europesays.com\/se\/108061\/"},"modified":"2025-12-16T16:05:56","modified_gmt":"2025-12-16T16:05:56","slug":"forsvarsbolag-i-europa-faller-efter-usas-sakerhetsgarantier-till-ukraina-saab-backar-rejalt","status":"publish","type":"post","link":"https:\/\/www.europesays.com\/se\/108061\/","title":{"rendered":"F\u00f6rsvarsbolag i Europa faller efter USA:s s\u00e4kerhetsgarantier till Ukraina &#8211; Saab backar rej\u00e4lt"},"content":{"rendered":"<p class=\"font-sans text-base text-text-main dark:text-text-main-dark font-normal leading-[1.4]\">Europeiska f\u00f6rsvarsbolag faller efter att amerikanska tj\u00e4nstem\u00e4n p\u00e5 m\u00e5ndagen erbjudit Ukraina s\u00e4kerhetsgarantier i stil med Natos inom ramen f\u00f6r ett f\u00f6reslaget fredsavtal med Ryssland. Det skriver Reuters.\n <\/p>\n<p>Som ett resultat faller svenska Saab med 6,3 procent, Rheinmetall med 4,5 procent och Leonardo med 4,7 procent.\n <\/p>\n<p>Erbjudandet om s\u00e4kerhetsgarantier kommer efter tv\u00e5 dagars f\u00f6rhandlande i Berlin.<br \/>\n <br class=\"col-start-2\"\/><\/p>\n<p class=\"font-sans text-base text-text-main dark:text-text-main-dark font-normal leading-[1.4]\">Nils Lolk<br \/>\n <br class=\"col-start-2\"\/><br \/>\n Nyhetsbyr\u00e5n Finwire<\/p>\n","protected":false},"excerpt":{"rendered":"Europeiska f\u00f6rsvarsbolag faller efter att amerikanska tj\u00e4nstem\u00e4n p\u00e5 m\u00e5ndagen erbjudit Ukraina s\u00e4kerhetsgarantier i stil med Natos inom ramen&hellip;\n","protected":false},"author":2,"featured_media":77249,"comment_status":"","ping_status":"","sticky":false,"template":"","format":"standard","meta":{"footnotes":""},"categories":[5],"tags":[22,23,26,27,17,21,24,25,28,29,15,16,18,34,31,33,32,30,19,20],"class_list":{"0":"post-108061","1":"post","2":"type-post","3":"status-publish","4":"format-standard","5":"has-post-thumbnail","7":"category-rubriker","8":"tag-breaking-news","9":"tag-breakingnews","10":"tag-featured-news","11":"tag-featurednews","12":"tag-headlines","13":"tag-huvudnyheter","14":"tag-latest-news","15":"tag-latestnews","16":"tag-main-news","17":"tag-mainnews","18":"tag-news","19":"tag-nyheter","20":"tag-rubriker","21":"tag-se","22":"tag-svenska","23":"tag-sverige","24":"tag-sweden","25":"tag-swedish","26":"tag-top-stories","27":"tag-topstories"},"share_on_mastodon":{"url":"https:\/\/pubeurope.com\/@se\/115730106521705143","error":""},"_links":{"self":[{"href":"https:\/\/www.europesays.com\/se\/wp-json\/wp\/v2\/posts\/108061","targetHints":{"allow":["GET"]}}],"collection":[{"href":"https:\/\/www.europesays.com\/se\/wp-json\/wp\/v2\/posts"}],"about":[{"href":"https:\/\/www.europesays.com\/se\/wp-json\/wp\/v2\/types\/post"}],"author":[{"embeddable":true,"href":"https:\/\/www.europesays.com\/se\/wp-json\/wp\/v2\/users\/2"}],"replies":[{"embeddable":true,"href":"https:\/\/www.europesays.com\/se\/wp-json\/wp\/v2\/comments?post=108061"}],"version-history":[{"count":0,"href":"https:\/\/www.europesays.com\/se\/wp-json\/wp\/v2\/posts\/108061\/revisions"}],"wp:featuredmedia":[{"embeddable":true,"href":"https:\/\/www.europesays.com\/se\/wp-json\/wp\/v2\/media\/77249"}],"wp:attachment":[{"href":"https:\/\/www.europesays.com\/se\/wp-json\/wp\/v2\/media?parent=108061"}],"wp:term":[{"taxonomy":"category","embeddable":true,"href":"https:\/\/www.europesays.com\/se\/wp-json\/wp\/v2\/categories?post=108061"},{"taxonomy":"post_tag","embeddable":true,"href":"https:\/\/www.europesays.com\/se\/wp-json\/wp\/v2\/tags?post=108061"}],"curies":[{"name":"wp","href":"https:\/\/api.w.org\/{rel}","templated":true}]}}