{"id":108067,"date":"2025-12-16T16:13:10","date_gmt":"2025-12-16T16:13:10","guid":{"rendered":"https:\/\/www.europesays.com\/se\/108067\/"},"modified":"2025-12-16T16:13:10","modified_gmt":"2025-12-16T16:13:10","slug":"spionanklagad-svensk-fangslad-i-iran","status":"publish","type":"post","link":"https:\/\/www.europesays.com\/se\/108067\/","title":{"rendered":"Spionanklagad svensk f\u00e4ngslad i Iran"},"content":{"rendered":"<p>Vid en presskonferens ig\u00e5r meddelade en talesperson fr\u00e5n det iranska r\u00e4ttsv\u00e4sendet att personen har erk\u00e4nt spioneri f\u00f6r Israels r\u00e4kning. Personen, som enligt Iran ska ha dubbelt medborgarskap, greps i staden Karaj i norra Iran i juni i \u00e5r. Enligt talespersonen Asghar Jahangir, hade personen elektronisk utrustning f\u00f6r spioneri i sin bostad vid gripandet. Anklagelserna har pr\u00f6vats i domstol. Enligt uttalandet fr\u00e5n det iranska r\u00e4ttsv\u00e4sendet f\u00f6rv\u00e4ntas dom inom de n\u00e4rmaste dagarna.<\/p>\n<p>SVT har s\u00f6kt UD.<\/p>\n","protected":false},"excerpt":{"rendered":"Vid en presskonferens ig\u00e5r meddelade en talesperson fr\u00e5n det iranska r\u00e4ttsv\u00e4sendet att personen har erk\u00e4nt spioneri f\u00f6r Israels&hellip;\n","protected":false},"author":2,"featured_media":793,"comment_status":"","ping_status":"","sticky":false,"template":"","format":"standard","meta":{"footnotes":""},"categories":[12],"tags":[22,23,26,27,17,21,24,25,28,29,15,16,18,34,31,33,32,30,19,20],"class_list":{"0":"post-108067","1":"post","2":"type-post","3":"status-publish","4":"format-standard","5":"has-post-thumbnail","7":"category-sverige","8":"tag-breaking-news","9":"tag-breakingnews","10":"tag-featured-news","11":"tag-featurednews","12":"tag-headlines","13":"tag-huvudnyheter","14":"tag-latest-news","15":"tag-latestnews","16":"tag-main-news","17":"tag-mainnews","18":"tag-news","19":"tag-nyheter","20":"tag-rubriker","21":"tag-se","22":"tag-svenska","23":"tag-sverige","24":"tag-sweden","25":"tag-swedish","26":"tag-top-stories","27":"tag-topstories"},"share_on_mastodon":{"url":"https:\/\/pubeurope.com\/@se\/115730134097857533","error":""},"_links":{"self":[{"href":"https:\/\/www.europesays.com\/se\/wp-json\/wp\/v2\/posts\/108067","targetHints":{"allow":["GET"]}}],"collection":[{"href":"https:\/\/www.europesays.com\/se\/wp-json\/wp\/v2\/posts"}],"about":[{"href":"https:\/\/www.europesays.com\/se\/wp-json\/wp\/v2\/types\/post"}],"author":[{"embeddable":true,"href":"https:\/\/www.europesays.com\/se\/wp-json\/wp\/v2\/users\/2"}],"replies":[{"embeddable":true,"href":"https:\/\/www.europesays.com\/se\/wp-json\/wp\/v2\/comments?post=108067"}],"version-history":[{"count":0,"href":"https:\/\/www.europesays.com\/se\/wp-json\/wp\/v2\/posts\/108067\/revisions"}],"wp:featuredmedia":[{"embeddable":true,"href":"https:\/\/www.europesays.com\/se\/wp-json\/wp\/v2\/media\/793"}],"wp:attachment":[{"href":"https:\/\/www.europesays.com\/se\/wp-json\/wp\/v2\/media?parent=108067"}],"wp:term":[{"taxonomy":"category","embeddable":true,"href":"https:\/\/www.europesays.com\/se\/wp-json\/wp\/v2\/categories?post=108067"},{"taxonomy":"post_tag","embeddable":true,"href":"https:\/\/www.europesays.com\/se\/wp-json\/wp\/v2\/tags?post=108067"}],"curies":[{"name":"wp","href":"https:\/\/api.w.org\/{rel}","templated":true}]}}