{"id":108072,"date":"2025-12-16T16:20:09","date_gmt":"2025-12-16T16:20:09","guid":{"rendered":"https:\/\/www.europesays.com\/se\/108072\/"},"modified":"2025-12-16T16:20:09","modified_gmt":"2025-12-16T16:20:09","slug":"nu-ar-det-klart-eu-kommissionen-mjukar-upp-forbudet-mot-bensin-och-dieselbilar-utrikes","status":"publish","type":"post","link":"https:\/\/www.europesays.com\/se\/108072\/","title":{"rendered":"Nu \u00e4r det klart: EU-kommissionen mjukar upp f\u00f6rbudet mot bensin- och dieselbilar | Utrikes"},"content":{"rendered":"<p class=\"aw-1gybjub aw-5vja16 kEtdKx kmuxyA yle__article__paragraph\">F\u00f6rbudet mot f\u00f6rbr\u00e4nnings\u00admotorer \u00e4r t\u00e4nkt att tr\u00e4da i kraft 2035. Nu f\u00f6resl\u00e5r kommissionen l\u00e4ttnader f\u00f6r bilindustrin.<\/p>\n<p><img decoding=\"async\" alt=\"Avgasr\u00f6ret p\u00e5 en bil. \" src=\"https:\/\/www.europesays.com\/se\/wp-content\/uploads\/2025\/12\/39-1570782694156bdd5d1e.jpeg\" class=\"aw-1l9m598 hKVVvP\"\/><\/p>\n<p>\u00d6ppna bildvisare<\/p>\n<p>\u00d6verg\u00e5ngen fr\u00e5n bensin- och dieselbilar till elbilar har inte g\u00e5tt som planerat i EU. Nu reviderar kommissionen sina planer. Bild: Alamy\/All Over PressLyssna (du h\u00f6r en artificiell r\u00f6st) 3:13<\/p>\n<p class=\"aw-1gybjub aw-1p7kakr kEtdKx cEmitX yle__article__paragraph\"><strong class=\"aw-ak79eh KyCXm yle__article__strong\">BRYSSEL<\/strong> EU-kommissionen luckrar upp f\u00f6rbudet mot f\u00f6rbr\u00e4nningsmotorer, som \u00e4r t\u00e4nkt att tr\u00e4da i kraft \u00e5r 2035. F\u00f6rbudet skulle inneb\u00e4ra att f\u00f6rs\u00e4ljningen av nya bensin- och dieselbilar borde upph\u00f6ra f\u00f6re utg\u00e5ngen av 2034.<\/p>\n<p class=\"aw-1gybjub aw-1p7kakr kEtdKx cEmitX yle__article__paragraph\">Totalf\u00f6rbudet ers\u00e4tts av ett krav p\u00e5 utsl\u00e4ppsminskningar p\u00e5 90 procent vilket ger bilindustrin ett st\u00f6rre handlingsutrymme. Samtidigt v\u00e4cker f\u00f6rslaget farh\u00e5gor om att EU:s klimatambitioner kan komma att urvattnas.<\/p>\n<p class=\"aw-1gybjub aw-1p7kakr kEtdKx cEmitX yle__article__paragraph\">Den ursprungliga planen innebar att endast nollutsl\u00e4ppsbilar skulle f\u00e5 s\u00e4ljas efter 2035.<\/p>\n<p class=\"aw-1gybjub aw-1p7kakr kEtdKx cEmitX yle__article__paragraph\">Med det nya f\u00f6rslaget kan tillverkarna forts\u00e4ttningsvis s\u00e4lja hybridbilar samt modeller d\u00e4r utsl\u00e4pp kompenseras med anv\u00e4ndningen av gr\u00f6nt st\u00e5l eller biobr\u00e4nslen.<\/p>\n<p class=\"aw-1gybjub aw-1p7kakr kEtdKx cEmitX yle__article__paragraph\">Kommissionen betonar att f\u00f6r\u00e4ndringen ska st\u00e4rka Europas industriella konkurrenskraft och svara mot f\u00f6retagens och konsumenternas behov.<\/p>\n<p>Industriellt tryck och politisk debatt<\/p>\n<p class=\"aw-1gybjub aw-1p7kakr kEtdKx cEmitX yle__article__paragraph\">Biltillverkarnas branschorganisation ACEA och flera tillverkare har kr\u00e4vt st\u00f6rre flexibilitet av EU eftersom efterfr\u00e5gan p\u00e5 elbilar enligt dem varit svagare \u00e4n v\u00e4ntat.<\/p>\n<p class=\"aw-1gybjub aw-1p7kakr kEtdKx cEmitX yle__article__paragraph\">\u2013 Det h\u00e4r \u00e4r en kritisk milstolpe. Insatserna \u00e4r h\u00f6ga, s\u00e4ger chefen f\u00f6r ACEA <strong class=\"aw-ak79eh KyCXm yle__article__strong\">Sigrid de Vries<\/strong> enligt nyhetsbyr\u00e5n AFP.<\/p>\n<p class=\"aw-1gybjub aw-1p7kakr kEtdKx cEmitX yle__article__paragraph\">Framf\u00f6r allt tyska och italienska biltillverkare har drivit p\u00e5 f\u00f6r att f\u00e5 beh\u00e5lla m\u00f6jligheten till alternativa teknologier och br\u00e4nslen.<\/p>\n<p class=\"aw-1gybjub aw-1p7kakr kEtdKx cEmitX yle__article__paragraph\">Tyskla EU-parlamentarikern <strong class=\"aw-ak79eh KyCXm yle__article__strong\">Manfred Weber<\/strong>, som leder parlamentets konservativa grupp EPP, v\u00e4lkomnar l\u00e4ttnaderna.<\/p>\n<p class=\"aw-1gybjub aw-1p7kakr kEtdKx cEmitX yle__article__paragraph\">\u2013 F\u00f6rbudet mot f\u00f6rbr\u00e4nningsmotorer \u00e4r historia. Det \u00e4r goda nyheter f\u00f6r bilindustrin och miljontals anst\u00e4llda.<\/p>\n<p class=\"aw-1gybjub aw-1p7kakr kEtdKx cEmitX yle__article__paragraph\">Enligt Weber \u00e4r en minskning p\u00e5 90 procent till 2035 ett stort framsteg, men i slut\u00e4ndan \u00e4r det upp till konsumenterna att v\u00e4lja teknologi. Ingen motorteknik borde d\u00e4rf\u00f6r f\u00f6rbjudas.<\/p>\n<p>Oro om framtida riktning<\/p>\n<p class=\"aw-1gybjub aw-1p7kakr kEtdKx cEmitX yle__article__paragraph\">Motst\u00e5ndet mot f\u00f6r\u00e4ndringen kommer fr\u00e5n milj\u00f6organisationer samt fr\u00e5n nordeuropeiska l\u00e4nder och Spanien, som befarar att investeringarna i europeiska elbilar kan hotas.<\/p>\n<p class=\"aw-1gybjub aw-1p7kakr kEtdKx cEmitX yle__article__paragraph\">\u2013 Vissa chefer f\u00f6resl\u00e5r att en \u00e5terg\u00e5ng till f\u00f6rbr\u00e4nningsmotorer skulle \u00e5terst\u00e4lla Europas konkurrenskraft. De kunde inte ha mer fel, skriver direkt\u00f6ren vid klimatorganisationen Transport &amp; Environment <strong class=\"aw-ak79eh KyCXm yle__article__strong\">William Todts.<\/strong><\/p>\n<p class=\"aw-1gybjub aw-1p7kakr kEtdKx cEmitX yle__article__paragraph\">Todts varnar f\u00f6r att en \u00e5terg\u00e5ng till f\u00f6rbr\u00e4nningsmotorer inte kommer att r\u00e4dda Europas bilindustri, som redan snabbt elektrifieras och d\u00e4r elbilar nu tar en v\u00e4xande marknadsandel.<\/p>\n<p class=\"aw-1gybjub aw-1p7kakr kEtdKx cEmitX yle__article__paragraph\">Han menar att EU:s m\u00e5l f\u00f6r 2035 \u00e4r avg\u00f6rande f\u00f6r att driva p\u00e5 \u00f6verg\u00e5ngen till elfordon, st\u00e4rka konkurrenskraften mot Kina och s\u00e4kerst\u00e4lla l\u00e5ngsiktiga investeringar i industrin.<\/p>\n<p class=\"aw-1gybjub aw-1p7kakr kEtdKx cEmitX yle__article__paragraph\">Kommissionen f\u00f6resl\u00e5r \u00e4ven nya \u00e5tg\u00e4rder f\u00f6r att \u00f6ka andelen elbilar i f\u00f6retagsflottor och st\u00f6da produktionen av sm\u00e5 och prisv\u00e4rda elbilar. F\u00f6rslagen m\u00e5ste fortfarande godk\u00e4nnas av medlemsl\u00e4nderna och Europaparlamentet.<\/p>\n","protected":false},"excerpt":{"rendered":"F\u00f6rbudet mot f\u00f6rbr\u00e4nnings\u00admotorer \u00e4r t\u00e4nkt att tr\u00e4da i kraft 2035. Nu f\u00f6resl\u00e5r kommissionen l\u00e4ttnader f\u00f6r bilindustrin. \u00d6ppna bildvisare&hellip;\n","protected":false},"author":2,"featured_media":108073,"comment_status":"","ping_status":"","sticky":false,"template":"","format":"standard","meta":{"footnotes":""},"categories":[65],"tags":[12033,12032,3361,12035,72,12036,70,71,1331,3815,267,2429,1680,12031,4775,34,31,33,32,30,237,12034],"class_list":{"0":"post-108072","1":"post","2":"type-post","3":"status-publish","4":"format-standard","5":"has-post-thumbnail","7":"category-ekonomi","8":"tag-bensin","9":"tag-bilar","10":"tag-bilindustri","11":"tag-branslen","12":"tag-business","13":"tag-dieselbilar","14":"tag-economy","15":"tag-ekonomi","16":"tag-elbilar","17":"tag-eu-parlamentet","18":"tag-europa","19":"tag-europeiska-kommissionen","20":"tag-europeiska-unionen","21":"tag-klimatet","22":"tag-koldioxid","23":"tag-se","24":"tag-svenska","25":"tag-sverige","26":"tag-sweden","27":"tag-swedish","28":"tag-utrikes","29":"tag-vagtrafik"},"share_on_mastodon":{"url":"https:\/\/pubeurope.com\/@se\/115730161723624455","error":""},"_links":{"self":[{"href":"https:\/\/www.europesays.com\/se\/wp-json\/wp\/v2\/posts\/108072","targetHints":{"allow":["GET"]}}],"collection":[{"href":"https:\/\/www.europesays.com\/se\/wp-json\/wp\/v2\/posts"}],"about":[{"href":"https:\/\/www.europesays.com\/se\/wp-json\/wp\/v2\/types\/post"}],"author":[{"embeddable":true,"href":"https:\/\/www.europesays.com\/se\/wp-json\/wp\/v2\/users\/2"}],"replies":[{"embeddable":true,"href":"https:\/\/www.europesays.com\/se\/wp-json\/wp\/v2\/comments?post=108072"}],"version-history":[{"count":0,"href":"https:\/\/www.europesays.com\/se\/wp-json\/wp\/v2\/posts\/108072\/revisions"}],"wp:featuredmedia":[{"embeddable":true,"href":"https:\/\/www.europesays.com\/se\/wp-json\/wp\/v2\/media\/108073"}],"wp:attachment":[{"href":"https:\/\/www.europesays.com\/se\/wp-json\/wp\/v2\/media?parent=108072"}],"wp:term":[{"taxonomy":"category","embeddable":true,"href":"https:\/\/www.europesays.com\/se\/wp-json\/wp\/v2\/categories?post=108072"},{"taxonomy":"post_tag","embeddable":true,"href":"https:\/\/www.europesays.com\/se\/wp-json\/wp\/v2\/tags?post=108072"}],"curies":[{"name":"wp","href":"https:\/\/api.w.org\/{rel}","templated":true}]}}