{"id":108074,"date":"2025-12-16T16:22:18","date_gmt":"2025-12-16T16:22:18","guid":{"rendered":"https:\/\/www.europesays.com\/se\/108074\/"},"modified":"2025-12-16T16:22:18","modified_gmt":"2025-12-16T16:22:18","slug":"svantessons-budgetkritik-mot-socialdemokraterna-ljuger","status":"publish","type":"post","link":"https:\/\/www.europesays.com\/se\/108074\/","title":{"rendered":"Svantessons budgetkritik mot Socialdemokraterna: Ljuger"},"content":{"rendered":"<p><a class=\"wing-tag\" href=\"https:\/\/www.expressen.se\/om\/val-2026\/\" rel=\"nofollow noopener\" target=\"_blank\">Val 2026<\/a><\/p>\n<p>Publicerad 16 dec 2025 kl 10.26Uppdaterad kl 13.10<\/p>\n<p>Elisabeth Svantesson (M) g\u00e5r till h\u00e5rt angrepp mot Magdalena Andersson (S).<\/p>\n<p>Finansministern s\u00e4ger att oppositionen \u201dlurar\u201d svenskarna.<\/p>\n<p>\u2013 Valet 2026 blir en folkomr\u00f6stning om h\u00f6jd eller s\u00e4nkt skatt, s\u00e4ger hon.<\/p>\n<p>S-toppen Mikael Damberg sl\u00e5r tillbaka \u2013 och anklagar ministern f\u00f6r l\u00f6gn.<\/p>\n<p>Tidigare i h\u00f6st presenterade Elisabeth Svantesson regeringens budget.<img loading=\"lazy\"   alt=\"\"\/> <\/p>\n<p>Foto: LISA MATTISSON<\/p>\n<p>\u00d6ppna bild i helsk\u00e4rm<img loading=\"lazy\"   alt=\"\"\/> <\/p>\n<p>Foto: Oscar Olsson\/TT \/ TT NYHETSBYR\u00c5N \/ TT NYHETSBYRAN<\/p>\n<p>\u00d6ppna bild i helsk\u00e4rm<\/p>\n<p>Den l\u00e5gkonjunktur som Sverige befinner sig v\u00e4ntas forts\u00e4tta under 2026. Men det b\u00f6rjar ljusna, s\u00e4ger finansminister <a href=\"https:\/\/www.expressen.se\/tagg\/person\/elisabeth-svantesson\/\" class=\"\" rel=\"nofollow noopener\" target=\"_blank\">Elisabeth Svantesson<\/a> p\u00e5 en presstr\u00e4ff p\u00e5 tisdagen.<\/p>\n<p>B\u00e5de f\u00f6retag och hush\u00e5ll ser mer optimistiskt p\u00e5 framtiden.<\/p>\n<p>\u2013 Det \u00e4r goda tecken och helt n\u00f6dv\u00e4ndigt f\u00f6r svensk ekonomi, s\u00e4ger Svantesson.<\/p>\n<p>Hennes f\u00f6rhoppning \u00e4r nu att fler f\u00f6retag ska v\u00e5ga anst\u00e4lla och hush\u00e5llen konsumera s\u00e5 att efterfr\u00e5gan g\u00e5r upp.<\/p>\n<p>Samtidigt \u00e4r arbetsl\u00f6sheten den h\u00f6gsta p\u00e5 l\u00e4nge och regeringen f\u00e5r <a href=\"https:\/\/www.expressen.se\/nyheter\/expressen-direkt\/?post=bfb19709-9d9f-43d2-8cfd-f2d7516ecb42\" rel=\"nofollow noopener\" target=\"_blank\">h\u00e5rd kritik fr\u00e5n oppositionen<\/a> f\u00f6r att inte ha gjort tillr\u00e4ckligt f\u00f6r de som saknar jobb.<\/p>\n<p>\u2013 Vi f\u00f6rv\u00e4ntar oss \u00e4nd\u00e5 att det v\u00e4nder och fler kommer i arbete. Det kommer fortfarande vara en tuff tid f\u00f6r m\u00e5nga med en avvaktande arbetsmarknad, s\u00e4ger Elisabeth Svantesson.<\/p>\n<p>Hon framh\u00e5ller ocks\u00e5 regeringens reformer med tillf\u00e4lligt s\u00e4nkt matmoms och s\u00e4nkta skatter. De g\u00f6r att det \u201dfinns hopp\u201d f\u00f6r hush\u00e5llen under n\u00e4sta \u00e5r, enligt henne.<\/p>\n<p>Val\u00e5ret 2026 vill hon nu ska handla om just pl\u00e5nboksfr\u00e5gor.<\/p>\n<p>Hoppar p\u00e5 S: Luras<\/p>\n<p>Till Expressen s\u00e4ger hon att regeringen s\u00e4nkt skatten f\u00f6r h\u00e5rt arbetande m\u00e4nniskor, som undersk\u00f6terskor, l\u00f6neadministrat\u00f6rer och CNC-operat\u00f6rer.<\/p>\n<p>Hon g\u00e5r ocks\u00e5 till angrepp mot S, som enligt henne inte f\u00f6rst\u00e5r hur m\u00e4nniskor har det.<\/p>\n<p>\u2013 Socialdemokraterna h\u00f6jer skatten s\u00e5 fort de f\u00e5r m\u00f6jlighet. Vi har visat att man kan f\u00f6rdubbla f\u00f6rsvarsanslagen p\u00e5 mindre \u00e4n fyra \u00e5r samtidigt som man l\u00e4gger mycket pengar p\u00e5 polis och r\u00e4ttsv\u00e4sende, och s\u00e4nker skatt f\u00f6r m\u00e4nniskor. Man kan faktiskt prioritera. Och man f\u00e5r inte vara lat och h\u00f6ja skatten s\u00e5 fort man ska finansiera n\u00e5got.<\/p>\n<p>Hon g\u00e5r s\u00e5 l\u00e5ngt som att s\u00e4ga att oppositionen h\u00e5ller p\u00e5 med lurendrejeri.<\/p>\n<p>\u2013 Man m\u00f6rkar att man vill h\u00f6ja varje skatt som finns, i princip, och har ett budgeth\u00e5l p\u00e5 50 miljarder i sin skuggbudget. Jag \u00e4r \u00f6ppen och transparent med den politik jag f\u00f6r. Socialdemokraterna g\u00f6r tv\u00e4rtom. Det tycker jag \u00e4r att lura det svenska folket.<\/p>\n<p><strong>Kritiken fr\u00e5n oppositionen \u00e4r bland annat att ni s\u00e4nker skatten f\u00f6r de som tj\u00e4nar mest. \u00c4r det r\u00e4ttvis politik?<\/strong><\/p>\n<p>\u2013 De som tj\u00e4nar minst har tj\u00e4nat mest p\u00e5 v\u00e5ra budgetar, det \u00e4r v\u00e4ldigt tydligt.<\/p>\n<p>Avf\u00e4rdar V-f\u00f6rslaget<\/p>\n<p>I f\u00f6rra veckan gick Nooshi Dadgostar till angrepp mot Sveriges \u201dsuperrika\u201d och sa att V\u00e4nsterpartiet <a href=\"https:\/\/www.expressen.se\/nyheter\/politik\/dadgostars-kritik-pekar-ut--superrika-betalar-inte-sin-del\" rel=\"nofollow noopener\" target=\"_blank\">nu vill utreda en s\u00e4rskild miljard\u00e4rsskatt.<\/a><\/p>\n<p>Annons<\/p>\n<p>Det avf\u00e4rdar finansministern helt.<\/p>\n<p>\u2013 De som tj\u00e4nar allra mest betalar ocks\u00e5 v\u00e4ldigt mycket mer i skatt, ska man komma ih\u00e5g.<\/p>\n<p>\u2013 H\u00f6jda skatter \u00e4r ju v\u00e4nsterns svar p\u00e5 det mesta, men det leder inte r\u00e4tt och \u00e4r skadligt f\u00f6r ekonomin.<\/p>\n<p>Svaret: \u201dH\u00e5rresande\u201d<\/p>\n<p>Mikael Damberg (S) ger svar p\u00e5 tal, och s\u00e4ger att finansministern ljuger.<\/p>\n<p>\u2013 Det h\u00e4r \u00e4r h\u00e5rresande l\u00f6gner fr\u00e5n finansministern.<\/p>\n<p>Med Svantesson \u00e4r underskotten stora, tillv\u00e4xten l\u00e4gre, arbetsl\u00f6sheten h\u00f6gre och svenska folkets pl\u00e5nb\u00f6cker tunnare, s\u00e4ger han.<\/p>\n<p>\u2013 Riksdagens utredningstj\u00e4nst har granskat v\u00e5r budget och n\u00e4sta \u00e5r f\u00e5r nio av tio svenskar mer i pl\u00e5nboken med v\u00e5r politik j\u00e4mf\u00f6rt med regeringen, s\u00e4ger Mikael Damberg.<\/p>\n","protected":false},"excerpt":{"rendered":"Val 2026 Publicerad 16 dec 2025 kl 10.26Uppdaterad kl 13.10 Elisabeth Svantesson (M) g\u00e5r till h\u00e5rt angrepp mot&hellip;\n","protected":false},"author":2,"featured_media":108075,"comment_status":"","ping_status":"","sticky":false,"template":"","format":"standard","meta":{"footnotes":""},"categories":[12],"tags":[22,23,26,27,17,21,24,25,28,29,15,3464,16,1458,1361,1207,18,34,583,31,33,32,30,19,1285,20],"class_list":{"0":"post-108074","1":"post","2":"type-post","3":"status-publish","4":"format-standard","5":"has-post-thumbnail","7":"category-sverige","8":"tag-breaking-news","9":"tag-breakingnews","10":"tag-featured-news","11":"tag-featurednews","12":"tag-headlines","13":"tag-huvudnyheter","14":"tag-latest-news","15":"tag-latestnews","16":"tag-main-news","17":"tag-mainnews","18":"tag-news","19":"tag-newsstory-val-2026","20":"tag-nyheter","21":"tag-organization-socialdemokraterna","22":"tag-person-elisabeth-svantesson","23":"tag-person-magdalena-andersson","24":"tag-rubriker","25":"tag-se","26":"tag-sections-politik","27":"tag-svenska","28":"tag-sverige","29":"tag-sweden","30":"tag-swedish","31":"tag-top-stories","32":"tag-topic-finanspolitik","33":"tag-topstories"},"share_on_mastodon":{"url":"https:\/\/pubeurope.com\/@se\/115730169510916321","error":""},"_links":{"self":[{"href":"https:\/\/www.europesays.com\/se\/wp-json\/wp\/v2\/posts\/108074","targetHints":{"allow":["GET"]}}],"collection":[{"href":"https:\/\/www.europesays.com\/se\/wp-json\/wp\/v2\/posts"}],"about":[{"href":"https:\/\/www.europesays.com\/se\/wp-json\/wp\/v2\/types\/post"}],"author":[{"embeddable":true,"href":"https:\/\/www.europesays.com\/se\/wp-json\/wp\/v2\/users\/2"}],"replies":[{"embeddable":true,"href":"https:\/\/www.europesays.com\/se\/wp-json\/wp\/v2\/comments?post=108074"}],"version-history":[{"count":0,"href":"https:\/\/www.europesays.com\/se\/wp-json\/wp\/v2\/posts\/108074\/revisions"}],"wp:featuredmedia":[{"embeddable":true,"href":"https:\/\/www.europesays.com\/se\/wp-json\/wp\/v2\/media\/108075"}],"wp:attachment":[{"href":"https:\/\/www.europesays.com\/se\/wp-json\/wp\/v2\/media?parent=108074"}],"wp:term":[{"taxonomy":"category","embeddable":true,"href":"https:\/\/www.europesays.com\/se\/wp-json\/wp\/v2\/categories?post=108074"},{"taxonomy":"post_tag","embeddable":true,"href":"https:\/\/www.europesays.com\/se\/wp-json\/wp\/v2\/tags?post=108074"}],"curies":[{"name":"wp","href":"https:\/\/api.w.org\/{rel}","templated":true}]}}