{"id":108076,"date":"2025-12-16T16:23:26","date_gmt":"2025-12-16T16:23:26","guid":{"rendered":"https:\/\/www.europesays.com\/se\/108076\/"},"modified":"2025-12-16T16:23:26","modified_gmt":"2025-12-16T16:23:26","slug":"reglerna-for-metylenklorid-ska-ses-over","status":"publish","type":"post","link":"https:\/\/www.europesays.com\/se\/108076\/","title":{"rendered":"Reglerna f\u00f6r metylenklorid ska ses \u00f6ver"},"content":{"rendered":"<p>                &#13;<br \/>\n                    Pressmeddelande fr\u00e5n <a href=\"https:\/\/www.regeringen.se\/tx\/1291\" rel=\"nofollow noopener\" target=\"_blank\">Klimat- och n\u00e4ringslivsdepartementet<\/a>&#13;<br \/>\n                    &#13;<br \/>\n                    &#13;<\/p>\n<p>&#13;<br \/>\n            Publicerad 16 december 2025&#13;\n    <\/p>\n<p>&#13;<\/p>\n<p class=\"ingress has-wordExplanation\">&#13;<br \/>\nI Kemikalieinspektionens regleringsbrev f\u00f6r 2025 f\u00e5r myndigheten ett uppdrag att se \u00f6ver reglerna f\u00f6r klorerade l\u00f6sningsmedel, d\u00e4ribland metylenklorid. Regeringen v\u00e4ntas ta beslut om regleringsbrevet senare den h\u00e4r veckan.<\/p>\n<p>Uppdraget syftar till att utreda pr\u00f6vningsprocesser f\u00f6r n\u00e4r ett f\u00f6retag vill anv\u00e4nda klorerade l\u00f6sningsmedel i sin verksamhet.\u00a0I dag beh\u00f6ver f\u00f6retag ans\u00f6ka om dispens hos Kemikalieinspektionen f\u00f6r sj\u00e4lva anv\u00e4ndningen av l\u00f6sningsmedlet utifr\u00e5n nationella best\u00e4mmelser. De m\u00e5ste dessutom s\u00f6ka tillst\u00e5nd f\u00f6r den milj\u00f6farliga verksamheten hos L\u00e4nsstyrelsen. .<\/p>\n<p>Regeringen v\u00e4ntas ta beslut om Kemikalieinspektionens regleringsbrev senare den h\u00e4r veckan. Uppdraget ska redovisas till Regeringskansliet senast den 30 januari 2027.<\/p>\n<p>                    Uppdraget i korthet<\/p>\n<ul class=\"list--compact\">&#13;<\/p>\n<li>&#13;<br \/>\n                        Kemikalieinspektionen ska s\u00e4rskilt utreda f\u00f6ruts\u00e4ttningarna att undvika pr\u00f6vning av olika myndigheter f\u00f6r verksamheter som b\u00e5de kr\u00e4ver dispens enligt n\u00e4mnda f\u00f6rordning f\u00f6r anv\u00e4ndning av klorerade l\u00f6sningsmedel och tillst\u00e5nd enligt milj\u00f6balken till milj\u00f6farlig verksamhet.&#13;\n                    <\/li>\n<p>&#13;<\/p>\n<li>&#13;<br \/>\n                        Myndigheten ska \u00e4ven se \u00f6ver behov av att p\u00e5 f\u00f6rordningsniv\u00e5 reglera vilka anv\u00e4ndningsomr\u00e5den som omfattas samt behov av \u00e4ndringar i rekvisiten f\u00f6r att kunna ge dispens.&#13;\n                    <\/li>\n<p>&#13;<\/p>\n<li>&#13;<br \/>\n                        I uppdraget ska Kemikalieinspektionen redovisa de h\u00e4lso- och milj\u00f6m\u00e4ssiga, samh\u00e4llsekonomiska och r\u00e4ttsliga konsekvenserna med att ta bort dispensm\u00f6jligheten respektive att avveckla regleringen.&#13;\n                    <\/li>\n<p>&#13;\n            <\/ul>\n","protected":false},"excerpt":{"rendered":"&#13; Pressmeddelande fr\u00e5n Klimat- och n\u00e4ringslivsdepartementet&#13; &#13; &#13; &#13; Publicerad 16 december 2025&#13; &#13; &#13; I Kemikalieinspektionens regleringsbrev&hellip;\n","protected":false},"author":2,"featured_media":67452,"comment_status":"","ping_status":"","sticky":false,"template":"","format":"standard","meta":{"footnotes":""},"categories":[5],"tags":[22,23,26,27,17,21,24,25,28,29,15,16,18,34,31,33,32,30,19,20],"class_list":{"0":"post-108076","1":"post","2":"type-post","3":"status-publish","4":"format-standard","5":"has-post-thumbnail","7":"category-rubriker","8":"tag-breaking-news","9":"tag-breakingnews","10":"tag-featured-news","11":"tag-featurednews","12":"tag-headlines","13":"tag-huvudnyheter","14":"tag-latest-news","15":"tag-latestnews","16":"tag-main-news","17":"tag-mainnews","18":"tag-news","19":"tag-nyheter","20":"tag-rubriker","21":"tag-se","22":"tag-svenska","23":"tag-sverige","24":"tag-sweden","25":"tag-swedish","26":"tag-top-stories","27":"tag-topstories"},"share_on_mastodon":{"url":"https:\/\/pubeurope.com\/@se\/115730173268121419","error":""},"_links":{"self":[{"href":"https:\/\/www.europesays.com\/se\/wp-json\/wp\/v2\/posts\/108076","targetHints":{"allow":["GET"]}}],"collection":[{"href":"https:\/\/www.europesays.com\/se\/wp-json\/wp\/v2\/posts"}],"about":[{"href":"https:\/\/www.europesays.com\/se\/wp-json\/wp\/v2\/types\/post"}],"author":[{"embeddable":true,"href":"https:\/\/www.europesays.com\/se\/wp-json\/wp\/v2\/users\/2"}],"replies":[{"embeddable":true,"href":"https:\/\/www.europesays.com\/se\/wp-json\/wp\/v2\/comments?post=108076"}],"version-history":[{"count":0,"href":"https:\/\/www.europesays.com\/se\/wp-json\/wp\/v2\/posts\/108076\/revisions"}],"wp:featuredmedia":[{"embeddable":true,"href":"https:\/\/www.europesays.com\/se\/wp-json\/wp\/v2\/media\/67452"}],"wp:attachment":[{"href":"https:\/\/www.europesays.com\/se\/wp-json\/wp\/v2\/media?parent=108076"}],"wp:term":[{"taxonomy":"category","embeddable":true,"href":"https:\/\/www.europesays.com\/se\/wp-json\/wp\/v2\/categories?post=108076"},{"taxonomy":"post_tag","embeddable":true,"href":"https:\/\/www.europesays.com\/se\/wp-json\/wp\/v2\/tags?post=108076"}],"curies":[{"name":"wp","href":"https:\/\/api.w.org\/{rel}","templated":true}]}}