{"id":108094,"date":"2025-12-16T16:58:17","date_gmt":"2025-12-16T16:58:17","guid":{"rendered":"https:\/\/www.europesays.com\/se\/108094\/"},"modified":"2025-12-16T16:58:17","modified_gmt":"2025-12-16T16:58:17","slug":"elinsborgsskolans-ettor-ritar-egna-kartor-over-tensta","status":"publish","type":"post","link":"https:\/\/www.europesays.com\/se\/108094\/","title":{"rendered":"Elinsborgsskolans ettor ritar egna kartor \u00f6ver Tensta"},"content":{"rendered":"<p><strong>Sedan oktober i \u00e5r har cirka 150 elever fr\u00e5n olika skolor runtom i J\u00e4rva jobbat med olika projekt kopplade till Nobel och \u00e5rets Nobelpristagare i litteratur L\u00e1zsl\u00f3 Krasznahorkai. N\u00e5gra av dem \u00e4r barnen i \u00e5rskurs 1 p\u00e5 Elinsborgsskolan i Tensta<\/strong> <strong>som f\u00e5tt presentera sin hemort f\u00f6r Nobelpristagaren.<\/strong><\/p>\n<p>I m\u00e5ndags bes\u00f6kte barnen som jobbat med detta projekt Tensta bibliotek, d\u00e4r teckningarna de har ritat h\u00e4ngde f\u00f6r allm\u00e4n besk\u00e5dan. Teckningarna visades \u00e4ven upp n\u00e4r <a href=\"https:\/\/www.nyhetsbyranjarva.se\/ortens-barn-inspirerar-nobelpristagaren-i-litteratur\/\" rel=\"nofollow noopener\" target=\"_blank\">L\u00e1zsl\u00f3 Krasznahorkai firades p\u00e5 Rinkeby bibliotek<\/a>.\u00a0<\/p>\n<p><img loading=\"lazy\" decoding=\"async\" width=\"1512\" height=\"1008\" src=\"https:\/\/www.europesays.com\/se\/wp-content\/uploads\/2025\/12\/Barn-som-tecknat-edited.jpeg\" alt=\"Barn p\u00e5 biblioteket.\" class=\"wp-image-133294\"  \/>Elever fr\u00e5n \u00e5rskurs 1 i Elinsborgsskolan har ritat kartor \u00f6ver viktiga platser i Tensta som de visat Nobelpristagaren.<\/p>\n<p>N\u00e4r man kommer in i biblioteket m\u00f6ts man direkt av kartor som barnen har ritat. Man m\u00f6ts ocks\u00e5 av glada och entusiastiska barn som stolt letar upp sina kartor och visar sina l\u00e4rare.\u00a0<\/p>\n<p>Annons:<a class=\"gofollow\" data-track=\"NDAxLDEsNjA=\" href=\"https:\/\/meetingspublic.stockholm.se\/committees\/jarva-stadsdelsnamnd\" rel=\"nofollow noopener\" target=\"_blank\"><img decoding=\"async\" src=\"https:\/\/www.europesays.com\/se\/wp-content\/uploads\/2025\/12\/SthlmStad-116181-251212-18-NyhetsbyranJarva.png\"\/><\/a><\/p>\n<p>Bibliotekarien Lovisa Thelander p\u00e5 Elinsborgsskolan tycker att det \u00e4r kul att se barnens verk, och att alla som bes\u00f6ker Tensta bibliotek kan se dem. N\u00e5gra av barnen \u00e4r p\u00e5 plats och ett av dem \u00e4r Aida, 7 \u00e5r fr\u00e5n Tensta.\u00a0<\/p>\n<p><img loading=\"lazy\" decoding=\"async\" width=\"1024\" height=\"768\" data-wp-class--hide=\"state.isContentHidden\" data-wp-class--show=\"state.isContentVisible\" data-wp-init=\"callbacks.setButtonStyles\" data-wp-on-async--click=\"actions.showLightbox\" data-wp-on-async--load=\"callbacks.setButtonStyles\" data-wp-on-async-window--resize=\"callbacks.setButtonStyles\" data-id=\"133285\" src=\"https:\/\/www.europesays.com\/se\/wp-content\/uploads\/2025\/12\/Ahmads-teckning-1-1024x768.jpeg\" alt=\"\" class=\"wp-image-133285\"  \/><\/p>\n<p><img loading=\"lazy\" decoding=\"async\" width=\"1024\" height=\"768\" data-wp-class--hide=\"state.isContentHidden\" data-wp-class--show=\"state.isContentVisible\" data-wp-init=\"callbacks.setButtonStyles\" data-wp-on-async--click=\"actions.showLightbox\" data-wp-on-async--load=\"callbacks.setButtonStyles\" data-wp-on-async-window--resize=\"callbacks.setButtonStyles\" data-id=\"133267\" src=\"https:\/\/www.europesays.com\/se\/wp-content\/uploads\/2025\/12\/Elinsborgs-teckningar-1-1024x768.jpeg\" alt=\"\" class=\"wp-image-133267\"  \/><\/p>\n<p><strong>Hur har det varit att jobba med denna uppgift?<\/strong><\/p>\n<p> \u2013 Roligt, man har f\u00e5tt ber\u00e4tta vad man gillar och vart man vill \u00e5ka. Det k\u00e4nns lite tryggare d\u00e5.<\/p>\n<p><strong>Hur k\u00e4nns det att f\u00e5 se sin karta h\u00e4nga h\u00e4r i biblioteket?<\/strong><\/p>\n<p> \u2013 Det k\u00e4nns roligt, men ocks\u00e5 lite pirrigt.\u00a0<\/p>\n<p>Projektet <a href=\"https:\/\/www.nobelirinkeby.se\/\" rel=\"nofollow noopener\" target=\"_blank\">Nobel i Rinkeby<\/a> och Tensta har p\u00e5g\u00e5tt sedan 1988 och \u00e5rets upplaga \u00e4r den 37:nde i ordningen.\u00a0<\/p>\n<p><strong>Emilia Holmberg<\/strong><\/p>\n<p><img loading=\"lazy\" decoding=\"async\" width=\"1024\" height=\"768\" src=\"https:\/\/www.europesays.com\/se\/wp-content\/uploads\/2025\/12\/fler-teckningar-1024x768.jpeg\" alt=\"\" class=\"wp-image-133278\"  \/>\n<\/p>\n<p>                    <a href=\"#\" rel=\"nofollow\" onclick=\"window.print(); return false;\" title=\"Printer Friendly, PDF &amp; Email\"><br \/>\n                    <img decoding=\"async\" class=\"pf-button-img\" src=\"https:\/\/www.europesays.com\/se\/wp-content\/uploads\/2025\/08\/printfriendly-pdf-button-nobg-md.png\" alt=\"Print Friendly, PDF &amp; Email\" style=\"width: 124px;height: 30px;\"\/><br \/>\n                    <\/a><\/p>\n","protected":false},"excerpt":{"rendered":"Sedan oktober i \u00e5r har cirka 150 elever fr\u00e5n olika skolor runtom i J\u00e4rva jobbat med olika projekt&hellip;\n","protected":false},"author":2,"featured_media":108095,"comment_status":"","ping_status":"","sticky":false,"template":"","format":"standard","meta":{"footnotes":""},"categories":[67],"tags":[12037,104,1429,12038,12039,12040,34,31,33,32,30,10994,12041,1432,105],"class_list":{"0":"post-108094","1":"post","2":"type-post","3":"status-publish","4":"format-standard","5":"has-post-thumbnail","7":"category-underhallning","8":"tag-elinsborgsskolan","9":"tag-entertainment","10":"tag-jarva","11":"tag-lazslo-kraznahorkai","12":"tag-littteratur","13":"tag-nobel-2025","14":"tag-se","15":"tag-svenska","16":"tag-sverige","17":"tag-sweden","18":"tag-swedish","19":"tag-tensta","20":"tag-tensta-bibliotek","21":"tag-topp","22":"tag-underhallning"},"share_on_mastodon":{"url":"https:\/\/pubeurope.com\/@se\/115730311186706210","error":""},"_links":{"self":[{"href":"https:\/\/www.europesays.com\/se\/wp-json\/wp\/v2\/posts\/108094","targetHints":{"allow":["GET"]}}],"collection":[{"href":"https:\/\/www.europesays.com\/se\/wp-json\/wp\/v2\/posts"}],"about":[{"href":"https:\/\/www.europesays.com\/se\/wp-json\/wp\/v2\/types\/post"}],"author":[{"embeddable":true,"href":"https:\/\/www.europesays.com\/se\/wp-json\/wp\/v2\/users\/2"}],"replies":[{"embeddable":true,"href":"https:\/\/www.europesays.com\/se\/wp-json\/wp\/v2\/comments?post=108094"}],"version-history":[{"count":0,"href":"https:\/\/www.europesays.com\/se\/wp-json\/wp\/v2\/posts\/108094\/revisions"}],"wp:featuredmedia":[{"embeddable":true,"href":"https:\/\/www.europesays.com\/se\/wp-json\/wp\/v2\/media\/108095"}],"wp:attachment":[{"href":"https:\/\/www.europesays.com\/se\/wp-json\/wp\/v2\/media?parent=108094"}],"wp:term":[{"taxonomy":"category","embeddable":true,"href":"https:\/\/www.europesays.com\/se\/wp-json\/wp\/v2\/categories?post=108094"},{"taxonomy":"post_tag","embeddable":true,"href":"https:\/\/www.europesays.com\/se\/wp-json\/wp\/v2\/tags?post=108094"}],"curies":[{"name":"wp","href":"https:\/\/api.w.org\/{rel}","templated":true}]}}