{"id":108099,"date":"2025-12-16T17:04:08","date_gmt":"2025-12-16T17:04:08","guid":{"rendered":"https:\/\/www.europesays.com\/se\/108099\/"},"modified":"2025-12-16T17:04:08","modified_gmt":"2025-12-16T17:04:08","slug":"insandare-delningsboende-ett-boendeideal-for-allt-fler","status":"publish","type":"post","link":"https:\/\/www.europesays.com\/se\/108099\/","title":{"rendered":"Ins\u00e4ndare: Delningsboende \u2013 ett boendeideal f\u00f6r allt fler"},"content":{"rendered":"<p class=\"mb-4 mx-auto max-w-xl\"><strong>Det \u00e4r dags f\u00f6r oss politiker att se \u00f6ver direktiven till de kommunala bostadsbolagen, skriver Milj\u00f6partiet Hammar\u00f6.<\/strong><\/p>\n<p class=\"break-words mb-4 mx-auto max-w-xl\">F\u00f6r m\u00e5nga m\u00e4nniskor \u00e4r mellanm\u00e4nskliga relationer i vardagen bland det viktigaste som finns. Forskning visar att ensamhet inneb\u00e4r en betydande h\u00e4lsorisk. \u00c4nd\u00e5 \u00e4r antalet allm\u00e4nnyttiga bost\u00e4der f\u00f6r delningsboende f\u00f6rsvinnande l\u00e5gt. Det \u00e4r dags f\u00f6r oss politiker att v\u00e5ga t\u00e4nka nytt.<\/p>\n<p class=\"break-words mb-4 mx-auto max-w-xl\">Delningsboende inneb\u00e4r att flera l\u00e4genheter delar p\u00e5 ytor f\u00f6r matlagning, m\u00e5ltider, samvaro m.m. Denna bostadsl\u00f6sning inneb\u00e4r att den privata boendeytan blir mindre, \u00e4ven om ocks\u00e5 den kan inneh\u00e5lla ett pentry.<\/p>\n<p class=\"break-words mb-4 mx-auto max-w-xl\">Samnyttjande av st\u00f6rre gemensamma delar kan i st\u00e4llet \u00f6ppna f\u00f6r mer gemenskap, trygghet och m\u00f6jlighet till sj\u00e4lvf\u00f6rverkligande. Detta exempelvis i form av sam\u00e4gande av k\u00f6ksutrustning och verktyg, tillg\u00e5ng till v\u00e4xthus, fritidsverkstad och bil-pool.<\/p>\n<p class=\"break-words mb-4 mx-auto max-w-xl\">Milj\u00f6partiet ser att denna boendeform b\u00f6r kunna komma fler till del som ett boendealternativ ocks\u00e5 i allm\u00e4nnyttiga bost\u00e4der. P\u00e5 den privata sidan dyker fenomenet upp allt oftare under ben\u00e4mningen co-living. \u00c4ven p\u00e5 den id\u00e9burna sidan driver m\u00e4nniskor som vill bo tillsammans sj\u00e4lva fram boendef\u00f6reningar i form av kollektivhus. Nu b\u00f6r \u00e4ven allm\u00e4nnyttan lyfta blicken och utvecklas med sin samtid.<\/p>\n<p class=\"break-words mb-4 mx-auto max-w-xl\">Samtiden ja \u2013 vad har den f\u00f6r betydelse i sammanhanget?<\/p>\n<p class=\"break-words mb-4 mx-auto max-w-xl\">Ensamheten \u00e4r ett av v\u00e5r tids stora problem i alla \u00e5ldrar. Forskning visar att fr\u00e5nvaro av sociala kontakter \u00e4r ett h\u00e4lsoproblem i niv\u00e5 med andra riskfaktorer som t.ex. r\u00f6kning. Fungerande kollektivboenden vittnar ocks\u00e5 om goda erfarenheter p\u00e5 detta omr\u00e5de. Folkh\u00e4lsan kan p\u00e5 detta s\u00e4tt ges m\u00f6jlighet att utvecklas i positiv riktning.<\/p>\n<p class=\"break-words mb-4 mx-auto max-w-xl\">\u00c4ven f\u00f6r v\u00e5r tids \u00f6desfr\u00e5ga klimatet s\u00e5 inneb\u00e4r ett delningsboende avsev\u00e4rt mindre utsl\u00e4pp av koldioxid. Dels f\u00f6r att m\u00e5nga resurser kan samnyttjas och dels f\u00f6r att befintliga fastigheter i m\u00e5nga fall kan \u00e5teranv\u00e4ndas. Ist\u00e4llet f\u00f6r att rivas kan de anpassas till ett delningsboende och renoveras. Detta minskar koldioxidutsl\u00e4ppen f\u00f6r bostadsproduktionen, i de flesta fall v\u00e4sentligt.<\/p>\n<p class=\"break-words mb-4 mx-auto max-w-xl\">Ekonomin inneb\u00e4r ocks\u00e5 utmaningar i sp\u00e5ren av h\u00f6g inflation, h\u00f6jda matpriser och \u00f6kad arbetsl\u00f6shet. Delningsboende \u00f6ppnar f\u00f6r l\u00e4gre boendekostnader och kan till exempel m\u00f6jligg\u00f6ra f\u00f6r singlar att \u00f6ka sin livskvalit\u00e9, f\u00f6r dem som vill l\u00e4gga mindre p\u00e5 boende att f\u00e5 pengar \u00f6ver till annat eller f\u00f6r fler ungdomar att kunna flytta hemifr\u00e5n i en rimlig \u00e5lder.<\/p>\n<p class=\"break-words mb-4 mx-auto max-w-xl\">Allm\u00e4nnyttan kan nu ligga i framkant och ytterligare \u00f6ka m\u00e5ngfalden i bostadsutbudet!<\/p>\n<p class=\"break-words mb-4 mx-auto max-w-xl\"><strong>Milj\u00f6partiet Hammar\u00f6<\/strong><\/p>\n","protected":false},"excerpt":{"rendered":"Det \u00e4r dags f\u00f6r oss politiker att se \u00f6ver direktiven till de kommunala bostadsbolagen, skriver Milj\u00f6partiet Hammar\u00f6. F\u00f6r&hellip;\n","protected":false},"author":2,"featured_media":108100,"comment_status":"","ping_status":"","sticky":false,"template":"","format":"standard","meta":{"footnotes":""},"categories":[69],"tags":[113,112,34,31,33,32,30],"class_list":{"0":"post-108099","1":"post","2":"type-post","3":"status-publish","4":"format-standard","5":"has-post-thumbnail","7":"category-halsa","8":"tag-halsa","9":"tag-health","10":"tag-se","11":"tag-svenska","12":"tag-sverige","13":"tag-sweden","14":"tag-swedish"},"share_on_mastodon":{"url":"https:\/\/pubeurope.com\/@se\/115730334559420631","error":""},"_links":{"self":[{"href":"https:\/\/www.europesays.com\/se\/wp-json\/wp\/v2\/posts\/108099","targetHints":{"allow":["GET"]}}],"collection":[{"href":"https:\/\/www.europesays.com\/se\/wp-json\/wp\/v2\/posts"}],"about":[{"href":"https:\/\/www.europesays.com\/se\/wp-json\/wp\/v2\/types\/post"}],"author":[{"embeddable":true,"href":"https:\/\/www.europesays.com\/se\/wp-json\/wp\/v2\/users\/2"}],"replies":[{"embeddable":true,"href":"https:\/\/www.europesays.com\/se\/wp-json\/wp\/v2\/comments?post=108099"}],"version-history":[{"count":0,"href":"https:\/\/www.europesays.com\/se\/wp-json\/wp\/v2\/posts\/108099\/revisions"}],"wp:featuredmedia":[{"embeddable":true,"href":"https:\/\/www.europesays.com\/se\/wp-json\/wp\/v2\/media\/108100"}],"wp:attachment":[{"href":"https:\/\/www.europesays.com\/se\/wp-json\/wp\/v2\/media?parent=108099"}],"wp:term":[{"taxonomy":"category","embeddable":true,"href":"https:\/\/www.europesays.com\/se\/wp-json\/wp\/v2\/categories?post=108099"},{"taxonomy":"post_tag","embeddable":true,"href":"https:\/\/www.europesays.com\/se\/wp-json\/wp\/v2\/tags?post=108099"}],"curies":[{"name":"wp","href":"https:\/\/api.w.org\/{rel}","templated":true}]}}