{"id":108105,"date":"2025-12-16T17:13:09","date_gmt":"2025-12-16T17:13:09","guid":{"rendered":"https:\/\/www.europesays.com\/se\/108105\/"},"modified":"2025-12-16T17:13:09","modified_gmt":"2025-12-16T17:13:09","slug":"wendy-holdener-vurpade-rejalt-efter-malgang","status":"publish","type":"post","link":"https:\/\/www.europesays.com\/se\/108105\/","title":{"rendered":"Wendy Holdener vurpade rej\u00e4lt \u2013 efter m\u00e5lg\u00e5ng"},"content":{"rendered":"<p>Publicerad 16 dec 2025 kl 17.59<\/p>\n<p>Wendy Holdener gick i m\u00e5l.<\/p>\n<p>D\u00e5 vurpade schweiziskan rej\u00e4lt.<\/p>\n<p>\u2013\u00a0Oj, oj, oj, vilken sm\u00e4ll hon \u00e5ker p\u00e5, s\u00e4ger kommentatorn Janne Blomqvist i Viaplay.<\/p>\n<p>Senaste sportklippen fr\u00e5n Expressen.<img   alt=\"\"\/><\/p>\n<p>Wendy Holdener kraschade rej\u00e4lt efter m\u00e5lg\u00e5ng.<\/p>\n<p>Foto: Viaplay.<\/p>\n<p>\u00d6ppna bild i helsk\u00e4rm<img loading=\"lazy\"   alt=\"\"\/>\u00d6ppna bild i helsk\u00e4rm<img loading=\"lazy\"   alt=\"\"\/>\u00d6ppna bild i helsk\u00e4rm<\/p>\n<p>Slalom i franska Courchevel.<\/p>\n<p>Det har orsakat \u00e5karna rej\u00e4la problem i backen. F\u00f6rst \u00e5kte en av favoriterna, albanskan Lara Colturi, ur.<\/p>\n<p>Sedan var det Wendy Holdeners tur.<\/p>\n<p>32-\u00e5ringen \u00e5kte i m\u00e5l och precis efter hon korsat m\u00e5llinjen vurpade hon rej\u00e4lt.\u00a0<\/p>\n<p>\u2013 Oj, oj, oj, vilken sm\u00e4ll hon \u00e5ker p\u00e5. Ingen kontroll p\u00e5 grejerna n\u00e4r hon \u00e5kt i m\u00e5l, s\u00e4ger kommentatorn <a href=\"https:\/\/www.expressen.se\/tagg\/person\/janne-blomqvist\/\" class=\"\" rel=\"nofollow noopener\" target=\"_blank\">Janne Blomqvist<\/a> i Viaplay.<\/p>\n<p>Vurpan fick landsmaninnan Camille Rast att reagera rej\u00e4lt, vilket syntes p\u00e5 tv-bilderna.<\/p>\n<p><img loading=\"lazy\"   alt=\"\"\/><\/p>\n<p>Camille Rast var chockad i ledarstolen.<\/p>\n<p>Foto: Viaplay.<\/p>\n<p>\u00d6ppna bild i helsk\u00e4rm<\/p>\n<p>\u2013 Oj, j\u00e4klar vilken saltomortal hon g\u00f6r. Det h\u00f6gg tag riktigt ordentligt, s\u00e4ger Blomqvist.<\/p>\n<p>Holdener blev liggandes bland reklamskyltarna en stund innan hon kunde resa sig. Det \u00e5terst\u00e5r att se om hon kan genomf\u00f6ra det andra \u00e5ket.<\/p>\n<p>T\u00e4vlingen p\u00e5g\u00e5r \u2013 texten uppdateras.<\/p>\n","protected":false},"excerpt":{"rendered":"Publicerad 16 dec 2025 kl 17.59 Wendy Holdener gick i m\u00e5l. D\u00e5 vurpade schweiziskan rej\u00e4lt. \u2013\u00a0Oj, oj, oj,&hellip;\n","protected":false},"author":2,"featured_media":108106,"comment_status":"","ping_status":"","sticky":false,"template":"","format":"standard","meta":{"footnotes":""},"categories":[68],"tags":[3738,12044,34,1175,111,110,31,33,32,30],"class_list":{"0":"post-108105","1":"post","2":"type-post","3":"status-publish","4":"format-standard","5":"has-post-thumbnail","7":"category-sport","8":"tag-location-frankrike","9":"tag-person-janne-blomqvist","10":"tag-se","11":"tag-sections-alpint","12":"tag-sport","13":"tag-sports","14":"tag-svenska","15":"tag-sverige","16":"tag-sweden","17":"tag-swedish"},"share_on_mastodon":{"url":"https:\/\/pubeurope.com\/@se\/115730370110448076","error":""},"_links":{"self":[{"href":"https:\/\/www.europesays.com\/se\/wp-json\/wp\/v2\/posts\/108105","targetHints":{"allow":["GET"]}}],"collection":[{"href":"https:\/\/www.europesays.com\/se\/wp-json\/wp\/v2\/posts"}],"about":[{"href":"https:\/\/www.europesays.com\/se\/wp-json\/wp\/v2\/types\/post"}],"author":[{"embeddable":true,"href":"https:\/\/www.europesays.com\/se\/wp-json\/wp\/v2\/users\/2"}],"replies":[{"embeddable":true,"href":"https:\/\/www.europesays.com\/se\/wp-json\/wp\/v2\/comments?post=108105"}],"version-history":[{"count":0,"href":"https:\/\/www.europesays.com\/se\/wp-json\/wp\/v2\/posts\/108105\/revisions"}],"wp:featuredmedia":[{"embeddable":true,"href":"https:\/\/www.europesays.com\/se\/wp-json\/wp\/v2\/media\/108106"}],"wp:attachment":[{"href":"https:\/\/www.europesays.com\/se\/wp-json\/wp\/v2\/media?parent=108105"}],"wp:term":[{"taxonomy":"category","embeddable":true,"href":"https:\/\/www.europesays.com\/se\/wp-json\/wp\/v2\/categories?post=108105"},{"taxonomy":"post_tag","embeddable":true,"href":"https:\/\/www.europesays.com\/se\/wp-json\/wp\/v2\/tags?post=108105"}],"curies":[{"name":"wp","href":"https:\/\/api.w.org\/{rel}","templated":true}]}}