{"id":108131,"date":"2025-12-16T17:46:13","date_gmt":"2025-12-16T17:46:13","guid":{"rendered":"https:\/\/www.europesays.com\/se\/108131\/"},"modified":"2025-12-16T17:46:13","modified_gmt":"2025-12-16T17:46:13","slug":"psg-doms-att-betala-650-miljoner-till-mbappe","status":"publish","type":"post","link":"https:\/\/www.europesays.com\/se\/108131\/","title":{"rendered":"PSG d\u00f6ms att betala 650 miljoner till Mbapp\u00e9"},"content":{"rendered":"<p>Fotbollslaget PSG ska betala sin tidigare forward Kylian Mbapp\u00e9 drygt 60 miljoner euro, motsvarande \u00f6ver 650 miljoner kronor, i utebliven l\u00f6n och bonusar. Det skriver Le Monde. <\/p>\n<p>Den invecklade r\u00e4ttsliga dispyten har sin grund i en konflikt som tog sin b\u00f6rjan under s\u00e4songen 2023\u20132024. PSG har i sin tur kr\u00e4vt Mbapp\u00e9 p\u00e5 mostvarande n\u00e4stan 5 miljarder kronor. Det kravet avsl\u00e5s nu av domstol. <\/p>\n<p>Omni \u00e4r politiskt obundna och oberoende. Vi str\u00e4var efter att ge fler perspektiv p\u00e5 nyheterna. Har du fr\u00e5gor eller synpunkter kring v\u00e5r rapportering? <a href=\"https:\/\/omni.se\/psg-doms-att-betala-650-miljoner-till-mbappe\/a\/mailto:redaktion@omni.se\" class=\"ArticleActions_contactLink__W2F1M\" rel=\"nofollow noopener\" target=\"_blank\">Kontakta redaktionen<\/a><\/p>\n","protected":false},"excerpt":{"rendered":"Fotbollslaget PSG ska betala sin tidigare forward Kylian Mbapp\u00e9 drygt 60 miljoner euro, motsvarande \u00f6ver 650 miljoner kronor,&hellip;\n","protected":false},"author":2,"featured_media":108132,"comment_status":"","ping_status":"","sticky":false,"template":"","format":"standard","meta":{"footnotes":""},"categories":[68],"tags":[138,3159,810,809,34,111,110,31,33,32,30],"class_list":{"0":"post-108131","1":"post","2":"type-post","3":"status-publish","4":"format-standard","5":"has-post-thumbnail","7":"category-sport","8":"tag-fotboll","9":"tag-kylian-mbappe","10":"tag-paris-saint-germain-fc","11":"tag-psg","12":"tag-se","13":"tag-sport","14":"tag-sports","15":"tag-svenska","16":"tag-sverige","17":"tag-sweden","18":"tag-swedish"},"share_on_mastodon":{"url":"https:\/\/pubeurope.com\/@se\/115730499694541868","error":""},"_links":{"self":[{"href":"https:\/\/www.europesays.com\/se\/wp-json\/wp\/v2\/posts\/108131","targetHints":{"allow":["GET"]}}],"collection":[{"href":"https:\/\/www.europesays.com\/se\/wp-json\/wp\/v2\/posts"}],"about":[{"href":"https:\/\/www.europesays.com\/se\/wp-json\/wp\/v2\/types\/post"}],"author":[{"embeddable":true,"href":"https:\/\/www.europesays.com\/se\/wp-json\/wp\/v2\/users\/2"}],"replies":[{"embeddable":true,"href":"https:\/\/www.europesays.com\/se\/wp-json\/wp\/v2\/comments?post=108131"}],"version-history":[{"count":0,"href":"https:\/\/www.europesays.com\/se\/wp-json\/wp\/v2\/posts\/108131\/revisions"}],"wp:featuredmedia":[{"embeddable":true,"href":"https:\/\/www.europesays.com\/se\/wp-json\/wp\/v2\/media\/108132"}],"wp:attachment":[{"href":"https:\/\/www.europesays.com\/se\/wp-json\/wp\/v2\/media?parent=108131"}],"wp:term":[{"taxonomy":"category","embeddable":true,"href":"https:\/\/www.europesays.com\/se\/wp-json\/wp\/v2\/categories?post=108131"},{"taxonomy":"post_tag","embeddable":true,"href":"https:\/\/www.europesays.com\/se\/wp-json\/wp\/v2\/tags?post=108131"}],"curies":[{"name":"wp","href":"https:\/\/api.w.org\/{rel}","templated":true}]}}