{"id":108140,"date":"2025-12-16T18:06:08","date_gmt":"2025-12-16T18:06:08","guid":{"rendered":"https:\/\/www.europesays.com\/se\/108140\/"},"modified":"2025-12-16T18:06:08","modified_gmt":"2025-12-16T18:06:08","slug":"sex-gripna-i-tillslag-kopplat-till-fulsprit-i-stockholm","status":"publish","type":"post","link":"https:\/\/www.europesays.com\/se\/108140\/","title":{"rendered":"Sex gripna i tillslag kopplat till fulsprit i Stockholm"},"content":{"rendered":"<p>Sex personer har gripits efter h\u00f6stens v\u00e5g av f\u00f6rgiftningsfall kopplade till s\u00e5 kallad fulsprit i Stockholmsomr\u00e5det, rapporterar Aftonbladet. <\/p>\n<p>Totalt handlade det om nio personer som i oktober f\u00f6rgiftades av sprit som de k\u00f6pt fr\u00e5n en s\u00e5 kallad vodkabil de f\u00e5tt kontakt med via Snapchat. Provtagning av spriten visade att den inneh\u00f6ll isopropanol, som vanligtvis hittas i bland annat l\u00f6sningsmedel. <\/p>\n<p>Tidigare i h\u00f6stas greps fem personer misst\u00e4nkta f\u00f6r att ha s\u00e5lt spriten. P\u00e5 tisdagen har ytterligare personer gripits i ett tillslag i Stockholm. <\/p>\n<p>\u2013 Sex personer har gripits i\u202fdag. De misst\u00e4nks bland annat f\u00f6r olovlig f\u00f6rs\u00e4ljning av alkohol, grovt brott, s\u00e4ger \u00e5klagare Suzanne El Khayat Ali.<\/p>\n<p>Omni \u00e4r politiskt obundna och oberoende. Vi str\u00e4var efter att ge fler perspektiv p\u00e5 nyheterna. Har du fr\u00e5gor eller synpunkter kring v\u00e5r rapportering? <a href=\"https:\/\/omni.se\/sex-gripna-i-tillslag-kopplat-till-fulsprit-i-stockholm\/a\/mailto:redaktion@omni.se\" class=\"ArticleActions_contactLink__W2F1M\" rel=\"nofollow noopener\" target=\"_blank\">Kontakta redaktionen<\/a><\/p>\n","protected":false},"excerpt":{"rendered":"Sex personer har gripits efter h\u00f6stens v\u00e5g av f\u00f6rgiftningsfall kopplade till s\u00e5 kallad fulsprit i Stockholmsomr\u00e5det, rapporterar Aftonbladet.&hellip;\n","protected":false},"author":2,"featured_media":108141,"comment_status":"","ping_status":"","sticky":false,"template":"","format":"standard","meta":{"footnotes":""},"categories":[14],"tags":[22,23,26,27,17,21,24,25,28,29,15,16,18,34,31,33,32,30,19,20,51,52,53,54],"class_list":{"0":"post-108140","1":"post","2":"type-post","3":"status-publish","4":"format-standard","5":"has-post-thumbnail","7":"category-varlden","8":"tag-breaking-news","9":"tag-breakingnews","10":"tag-featured-news","11":"tag-featurednews","12":"tag-headlines","13":"tag-huvudnyheter","14":"tag-latest-news","15":"tag-latestnews","16":"tag-main-news","17":"tag-mainnews","18":"tag-news","19":"tag-nyheter","20":"tag-rubriker","21":"tag-se","22":"tag-svenska","23":"tag-sverige","24":"tag-sweden","25":"tag-swedish","26":"tag-top-stories","27":"tag-topstories","28":"tag-varlden","29":"tag-world","30":"tag-world-news","31":"tag-worldnews"},"share_on_mastodon":{"url":"https:\/\/pubeurope.com\/@se\/115730578342365877","error":""},"_links":{"self":[{"href":"https:\/\/www.europesays.com\/se\/wp-json\/wp\/v2\/posts\/108140","targetHints":{"allow":["GET"]}}],"collection":[{"href":"https:\/\/www.europesays.com\/se\/wp-json\/wp\/v2\/posts"}],"about":[{"href":"https:\/\/www.europesays.com\/se\/wp-json\/wp\/v2\/types\/post"}],"author":[{"embeddable":true,"href":"https:\/\/www.europesays.com\/se\/wp-json\/wp\/v2\/users\/2"}],"replies":[{"embeddable":true,"href":"https:\/\/www.europesays.com\/se\/wp-json\/wp\/v2\/comments?post=108140"}],"version-history":[{"count":0,"href":"https:\/\/www.europesays.com\/se\/wp-json\/wp\/v2\/posts\/108140\/revisions"}],"wp:featuredmedia":[{"embeddable":true,"href":"https:\/\/www.europesays.com\/se\/wp-json\/wp\/v2\/media\/108141"}],"wp:attachment":[{"href":"https:\/\/www.europesays.com\/se\/wp-json\/wp\/v2\/media?parent=108140"}],"wp:term":[{"taxonomy":"category","embeddable":true,"href":"https:\/\/www.europesays.com\/se\/wp-json\/wp\/v2\/categories?post=108140"},{"taxonomy":"post_tag","embeddable":true,"href":"https:\/\/www.europesays.com\/se\/wp-json\/wp\/v2\/tags?post=108140"}],"curies":[{"name":"wp","href":"https:\/\/api.w.org\/{rel}","templated":true}]}}