{"id":108145,"date":"2025-12-16T18:22:07","date_gmt":"2025-12-16T18:22:07","guid":{"rendered":"https:\/\/www.europesays.com\/se\/108145\/"},"modified":"2025-12-16T18:22:07","modified_gmt":"2025-12-16T18:22:07","slug":"han-har-en-alkoholists-personlighet","status":"publish","type":"post","link":"https:\/\/www.europesays.com\/se\/108145\/","title":{"rendered":"Han har en alkoholists personlighet"},"content":{"rendered":"<p>Donald Trump har \u201den alkoholists personlighet\u201d och vicepresident JD Vance har varit en konspirationsteoretiker i decennier. Det s\u00e4ger Vita husets stabschef Susie Wiles i en serie intervjuer med f\u00f6rfattaren Chris Whipple, som publicerades i Vanity Fair p\u00e5 tisdagen. <\/p>\n<p>Wiles s\u00e4ger att Trump inte ser n\u00e5gra begr\u00e4nsningar alls f\u00f6r vad han kan \u00e5stadkomma. <\/p>\n<p>\u2013 H\u00f6gfungerande alkoholister, eller alkoholister generellt, f\u00e5r sina personligheter f\u00f6rst\u00e4rkta n\u00e4r de dricker. <\/p>\n<p>Intervjuerna har genomf\u00f6rts under det senaste \u00e5ret och uttalandena beskrivs som ytterst ovanliga f\u00f6r att komma fr\u00e5n Wiles \u2013 en av Trumps n\u00e4rmaste medarbetare. Efter publiceringen \u00e4r hon mycket kritisk mot tidningen och menar att citaten tagits ur sin kontext. <\/p>\n<p>\u201dArtikeln som publicerades i morse \u00e4r vinklad smutskastning mot mig och den b\u00e4sta presidenten\u201d, skriver hon i ett inl\u00e4gg p\u00e5 X. <\/p>\n<p>Omni \u00e4r politiskt obundna och oberoende. Vi str\u00e4var efter att ge fler perspektiv p\u00e5 nyheterna. Har du fr\u00e5gor eller synpunkter kring v\u00e5r rapportering? <a href=\"https:\/\/omni.se\/trumps-stabschef-han-har-en-alkoholists-personlighet\/a\/mailto:redaktion@omni.se\" class=\"ArticleActions_contactLink__W2F1M\" rel=\"nofollow noopener\" target=\"_blank\">Kontakta redaktionen<\/a><\/p>\n","protected":false},"excerpt":{"rendered":"Donald Trump har \u201den alkoholists personlighet\u201d och vicepresident JD Vance har varit en konspirationsteoretiker i decennier. Det s\u00e4ger&hellip;\n","protected":false},"author":2,"featured_media":108146,"comment_status":"","ping_status":"","sticky":false,"template":"","format":"standard","meta":{"footnotes":""},"categories":[14],"tags":[387,22,23,385,26,27,17,21,403,24,25,28,29,15,268,16,18,34,12045,31,33,32,30,19,20,386,74,51,52,53,54],"class_list":{"0":"post-108145","1":"post","2":"type-post","3":"status-publish","4":"format-standard","5":"has-post-thumbnail","7":"category-varlden","8":"tag-amerikansk-politik","9":"tag-breaking-news","10":"tag-breakingnews","11":"tag-donald-trump","12":"tag-featured-news","13":"tag-featurednews","14":"tag-headlines","15":"tag-huvudnyheter","16":"tag-jd-vance","17":"tag-latest-news","18":"tag-latestnews","19":"tag-main-news","20":"tag-mainnews","21":"tag-news","22":"tag-nordamerika","23":"tag-nyheter","24":"tag-rubriker","25":"tag-se","26":"tag-susie-wiles","27":"tag-svenska","28":"tag-sverige","29":"tag-sweden","30":"tag-swedish","31":"tag-top-stories","32":"tag-topstories","33":"tag-trumps-usa","34":"tag-usa","35":"tag-varlden","36":"tag-world","37":"tag-world-news","38":"tag-worldnews"},"share_on_mastodon":{"url":"https:\/\/pubeurope.com\/@se\/115730641281649832","error":""},"_links":{"self":[{"href":"https:\/\/www.europesays.com\/se\/wp-json\/wp\/v2\/posts\/108145","targetHints":{"allow":["GET"]}}],"collection":[{"href":"https:\/\/www.europesays.com\/se\/wp-json\/wp\/v2\/posts"}],"about":[{"href":"https:\/\/www.europesays.com\/se\/wp-json\/wp\/v2\/types\/post"}],"author":[{"embeddable":true,"href":"https:\/\/www.europesays.com\/se\/wp-json\/wp\/v2\/users\/2"}],"replies":[{"embeddable":true,"href":"https:\/\/www.europesays.com\/se\/wp-json\/wp\/v2\/comments?post=108145"}],"version-history":[{"count":0,"href":"https:\/\/www.europesays.com\/se\/wp-json\/wp\/v2\/posts\/108145\/revisions"}],"wp:featuredmedia":[{"embeddable":true,"href":"https:\/\/www.europesays.com\/se\/wp-json\/wp\/v2\/media\/108146"}],"wp:attachment":[{"href":"https:\/\/www.europesays.com\/se\/wp-json\/wp\/v2\/media?parent=108145"}],"wp:term":[{"taxonomy":"category","embeddable":true,"href":"https:\/\/www.europesays.com\/se\/wp-json\/wp\/v2\/categories?post=108145"},{"taxonomy":"post_tag","embeddable":true,"href":"https:\/\/www.europesays.com\/se\/wp-json\/wp\/v2\/tags?post=108145"}],"curies":[{"name":"wp","href":"https:\/\/api.w.org\/{rel}","templated":true}]}}