{"id":108161,"date":"2025-12-16T18:47:09","date_gmt":"2025-12-16T18:47:09","guid":{"rendered":"https:\/\/www.europesays.com\/se\/108161\/"},"modified":"2025-12-16T18:47:09","modified_gmt":"2025-12-16T18:47:09","slug":"ny-varning-for-ishalka-fran-i-natt-svt-nyheter","status":"publish","type":"post","link":"https:\/\/www.europesays.com\/se\/108161\/","title":{"rendered":"Ny varning f\u00f6r ishalka fr\u00e5n i natt &#8211; SVT Nyheter"},"content":{"rendered":"<ol>\n<li><a href=\"https:\/\/news.google.com\/rss\/articles\/CBMijAFBVV95cUxNRXJSZkUtUzJSOVBTYnhuYnVUNVAtb0lGeXl1ZmdqdFRZZFJERHlteWdKLV9lTDE1Q1B2ZEdfaVBQSHFDdXE5YlFyOGpnUkIyaHBtN3JhSjVxV0lqMkdHUkY2OEhxQ1lTZWJrUk5FQnVjRkNnc2tQb01VdGVkSFBMZUpTbmttaW5vY3pSXw?oc=5\" target=\"_blank\" rel=\"nofollow noopener\">Ny varning f\u00f6r ishalka fr\u00e5n i natt<\/a>&nbsp;&nbsp;SVT Nyheter<\/li>\n<li><a href=\"https:\/\/news.google.com\/rss\/articles\/CBMiigFBVV95cUxPQl9Yd0F2ZUJ2VmwzamxHRkozSzMyM0t5RDFtaW9icDV5YjhRc0tGS0N1RW1UMy05LXlKN3llaV9xWk53UC1yd3JBenBGYjJrd0lJTWRFa3dlUTRCc0NMOWlEYTl3aG1IbU9ZT2dSak9pTTNvRE44V0ZxZWdOcXJtbDBYeGhDSUxHX1E?oc=5\" target=\"_blank\" rel=\"nofollow noopener\">15-\u00e5ring v\u00e5ldtog skolkamrat p\u00e5 skoltid \u2013 d\u00f6ms<\/a>&nbsp;&nbsp;Aftonbladet<\/li>\n<li><a href=\"https:\/\/news.google.com\/rss\/articles\/CBMimAFBVV95cUxNVW51NTdYdkYzaXhBbGo4VnpwSXZxWkNQZmpqQ0kxeUxua0NLWnRVWk44UFo5eFZfRjdnczVSdVdZWU43TUcteUtqZVJwMzU3NHZydThEaWUyMnBQSk1tZkd2UFpwVm9zaGh5ODRxcW1rd1BUcUhHalF2QUw3MlNLZHhUVXN0dkZwY2pIWlpNb3dCNktQSDVqSg?oc=5\" target=\"_blank\" rel=\"nofollow noopener\">SMHI varnar f\u00f6r pl\u00f6tslig ishalka i norr<\/a>&nbsp;&nbsp;SVT Nyheter<\/li>\n<li><a href=\"https:\/\/news.google.com\/rss\/articles\/CBMiekFVX3lxTE9vSWZQOGh0ZUdkZzVpUFVmdVFlYTk2X1VMTEdZTTdDZ0JDaHYxTUtBakM3eG9hUzRfbl9tTlgyazlBMnNZTlBnaXZoVGlxODV6Q0htVWFZNWtCUzNBMGN0d0FCdWNZa3BYVmRfcERBQmhkRXBsSlB0OXFn?oc=5\" target=\"_blank\" rel=\"nofollow noopener\">Just nu: Stora problem f\u00f6r l\u00e4nets bussar i halkan<\/a>&nbsp;&nbsp;V\u00e4sterbottens-Kuriren<\/li>\n<li><a href=\"https:\/\/news.google.com\/rss\/articles\/CBMinAFBVV95cUxPZUh6Y2lOcFR0SWJVazhqOUNyR19KdjZQYnl1Q0RDRjEwQXV1M0VXSVNKbU1wc0pVbldlaE8zZWppMW92QUd2ZHlQNkRpWjh6WTBXWU5QY0pITjl1SDhWUDF2ZDhPN2FiSWJrOFJ2N0hJY0hBdjJGclpibXAyTG1IOHFHZFY1MVhta2xFQTZQd1F3V0k1UkNKb0ZMWXM?oc=5\" target=\"_blank\" rel=\"nofollow noopener\">SMHI:s nya halkvarning \u2013 regn p\u00e5 kalla v\u00e4gar kan bli isbana<\/a>&nbsp;&nbsp;Sveriges Radio<\/li>\n<\/ol>\n","protected":false},"excerpt":{"rendered":"Ny varning f\u00f6r ishalka fr\u00e5n i natt&nbsp;&nbsp;SVT Nyheter 15-\u00e5ring v\u00e5ldtog skolkamrat p\u00e5 skoltid \u2013 d\u00f6ms&nbsp;&nbsp;Aftonbladet SMHI varnar f\u00f6r&hellip;\n","protected":false},"author":2,"featured_media":63854,"comment_status":"","ping_status":"","sticky":false,"template":"","format":"standard","meta":{"footnotes":""},"categories":[12],"tags":[22,23,26,27,17,21,24,25,28,29,15,16,18,34,31,33,32,30,19,20],"class_list":{"0":"post-108161","1":"post","2":"type-post","3":"status-publish","4":"format-standard","5":"has-post-thumbnail","7":"category-sverige","8":"tag-breaking-news","9":"tag-breakingnews","10":"tag-featured-news","11":"tag-featurednews","12":"tag-headlines","13":"tag-huvudnyheter","14":"tag-latest-news","15":"tag-latestnews","16":"tag-main-news","17":"tag-mainnews","18":"tag-news","19":"tag-nyheter","20":"tag-rubriker","21":"tag-se","22":"tag-svenska","23":"tag-sverige","24":"tag-sweden","25":"tag-swedish","26":"tag-top-stories","27":"tag-topstories"},"share_on_mastodon":{"url":"https:\/\/pubeurope.com\/@se\/115730739561126649","error":""},"_links":{"self":[{"href":"https:\/\/www.europesays.com\/se\/wp-json\/wp\/v2\/posts\/108161","targetHints":{"allow":["GET"]}}],"collection":[{"href":"https:\/\/www.europesays.com\/se\/wp-json\/wp\/v2\/posts"}],"about":[{"href":"https:\/\/www.europesays.com\/se\/wp-json\/wp\/v2\/types\/post"}],"author":[{"embeddable":true,"href":"https:\/\/www.europesays.com\/se\/wp-json\/wp\/v2\/users\/2"}],"replies":[{"embeddable":true,"href":"https:\/\/www.europesays.com\/se\/wp-json\/wp\/v2\/comments?post=108161"}],"version-history":[{"count":0,"href":"https:\/\/www.europesays.com\/se\/wp-json\/wp\/v2\/posts\/108161\/revisions"}],"wp:featuredmedia":[{"embeddable":true,"href":"https:\/\/www.europesays.com\/se\/wp-json\/wp\/v2\/media\/63854"}],"wp:attachment":[{"href":"https:\/\/www.europesays.com\/se\/wp-json\/wp\/v2\/media?parent=108161"}],"wp:term":[{"taxonomy":"category","embeddable":true,"href":"https:\/\/www.europesays.com\/se\/wp-json\/wp\/v2\/categories?post=108161"},{"taxonomy":"post_tag","embeddable":true,"href":"https:\/\/www.europesays.com\/se\/wp-json\/wp\/v2\/tags?post=108161"}],"curies":[{"name":"wp","href":"https:\/\/api.w.org\/{rel}","templated":true}]}}