{"id":108172,"date":"2025-12-16T19:03:20","date_gmt":"2025-12-16T19:03:20","guid":{"rendered":"https:\/\/www.europesays.com\/se\/108172\/"},"modified":"2025-12-16T19:03:20","modified_gmt":"2025-12-16T19:03:20","slug":"slopad-licensjakt-pa-varg-kan-ge-okad-tjuvjakt-uppiskat-motstand-nwt","status":"publish","type":"post","link":"https:\/\/www.europesays.com\/se\/108172\/","title":{"rendered":"Slopad licensjakt p\u00e5 varg kan ge \u00f6kad tjuvjakt: \u201dUppiskat motst\u00e5nd\u201d &#8211; NWT"},"content":{"rendered":"<ol>\n<li><a href=\"https:\/\/news.google.com\/rss\/articles\/CBMiowFBVV95cUxPTS0zbFBBRVdWakkwUHROMlh5RXFGU0JpeXpndFlGSkZ0a29PSVpUMEtKcWZTcExrdy1wTnJmamx1eGRGZFJZNnREWGpsbmdLc0tEcWtJRk5Rb1JmYnI4dFRoMUtMeEhpRHhVT1g5QjB2WTlITlduN3BtbHRRMkdsdUJyRWxPZ0tKR3ZsT0w3V2ZrbFpuU0tvQVd6bmxhNUgyNEZv?oc=5\" target=\"_blank\" rel=\"nofollow noopener\">Slopad licensjakt p\u00e5 varg kan ge \u00f6kad tjuvjakt: \u201dUppiskat motst\u00e5nd\u201d<\/a>&nbsp;&nbsp;NWT<\/li>\n<li><a href=\"https:\/\/news.google.com\/rss\/articles\/CBMiekFVX3lxTE0tWkN1WlktRVBmdFZFdWdQa3NxQlJlQ0dOc3dRbUxIY3FLeno5S0xQUXpBbTV4UHI1WHN1cU1oc0ltT2RLcmdNN1RsY2JKcWVOMEx1UDhCaFZKX0ZlMEFSdFhsQW11TmUzNFpXOUpjQ09GSWQwQjJlbnZ3?oc=5\" target=\"_blank\" rel=\"nofollow noopener\">F\u00f6rvaltningsr\u00e4tten stoppar vargjakt 2026<\/a>&nbsp;&nbsp;SVT Nyheter<\/li>\n<li><a href=\"https:\/\/news.google.com\/rss\/articles\/CBMihwFBVV95cUxQekVGRDRTbFItSHRieHBia05IWC1rNVFKWEJTaVlud1ZYSTNhMjE1Tld6dlg0U0JBWnhST1h5aXJrQU9wcU9qbDlHRmtDRzM2TzczUkRoUUM3R1hma0tHUlJGT08zM2dLdjVfMWVvemcxZjZ0T2NKTUpfT0FvYXZTV1VIS2dlNWs?oc=5\" target=\"_blank\" rel=\"nofollow noopener\">J\u00e4garf\u00f6rbund om stoppad jakt: \u201dH\u00e4pnadsv\u00e4ckande\u201d<\/a>&nbsp;&nbsp;Aftonbladet<\/li>\n<li><a href=\"https:\/\/news.google.com\/rss\/articles\/CBMimgFBVV95cUxOUG1wVURQVFlNLVB4T3U2dDlyYy1uSTBHcDBiVV8zOE85OTJzN1JjcmpnWUtpRHpDU0RkekExNVpXR3hLellUUndBakdjQlp1TUE4VWJmN2ZfcDhBR1V1M0xZSkpGSUFGUFNGZFFhd1p4bWdlYzVlUFRQV3RwMVh1OVotaVAxZVg4YUR2U0ZRR3lrOUxja2xKbGN3?oc=5\" target=\"_blank\" rel=\"nofollow noopener\">Ekot s\u00e4nder direkt \u2013 Slutrapport om M\/S Estonia presenteras<\/a>&nbsp;&nbsp;Sveriges Radio<\/li>\n<li><a href=\"https:\/\/news.google.com\/rss\/articles\/CBMilAFBVV95cUxQbHZLbGsycGx5MGZiVWtGMU9sVW52Y3JYWXpocHNCd2JBdFlZd2FVaFRkT1ZmRDhzRk1RNTFENy0zckVlTWNVOWdUSXpqRWU1WWdJSzBuSjdYai1rRi1CX1JHbk41VHdsSWdCenQtbFNJOElPUGprbzdPOTlWT3hhaTRNMkdUYTR4azE3VFRzdHpkQTRY?oc=5\" target=\"_blank\" rel=\"nofollow noopener\">D\u00e4rf\u00f6r var domstolen inte enig om att stoppa vargjakten<\/a>&nbsp;&nbsp;Svensk Jakt<\/li>\n<\/ol>\n","protected":false},"excerpt":{"rendered":"Slopad licensjakt p\u00e5 varg kan ge \u00f6kad tjuvjakt: \u201dUppiskat motst\u00e5nd\u201d&nbsp;&nbsp;NWT F\u00f6rvaltningsr\u00e4tten stoppar vargjakt 2026&nbsp;&nbsp;SVT Nyheter J\u00e4garf\u00f6rbund om stoppad&hellip;\n","protected":false},"author":2,"featured_media":108173,"comment_status":"","ping_status":"","sticky":false,"template":"","format":"standard","meta":{"footnotes":""},"categories":[12],"tags":[22,23,26,27,17,21,24,25,28,29,15,16,18,34,31,33,32,30,19,20],"class_list":{"0":"post-108172","1":"post","2":"type-post","3":"status-publish","4":"format-standard","5":"has-post-thumbnail","7":"category-sverige","8":"tag-breaking-news","9":"tag-breakingnews","10":"tag-featured-news","11":"tag-featurednews","12":"tag-headlines","13":"tag-huvudnyheter","14":"tag-latest-news","15":"tag-latestnews","16":"tag-main-news","17":"tag-mainnews","18":"tag-news","19":"tag-nyheter","20":"tag-rubriker","21":"tag-se","22":"tag-svenska","23":"tag-sverige","24":"tag-sweden","25":"tag-swedish","26":"tag-top-stories","27":"tag-topstories"},"share_on_mastodon":{"url":"https:\/\/pubeurope.com\/@se\/115730802491842998","error":""},"_links":{"self":[{"href":"https:\/\/www.europesays.com\/se\/wp-json\/wp\/v2\/posts\/108172","targetHints":{"allow":["GET"]}}],"collection":[{"href":"https:\/\/www.europesays.com\/se\/wp-json\/wp\/v2\/posts"}],"about":[{"href":"https:\/\/www.europesays.com\/se\/wp-json\/wp\/v2\/types\/post"}],"author":[{"embeddable":true,"href":"https:\/\/www.europesays.com\/se\/wp-json\/wp\/v2\/users\/2"}],"replies":[{"embeddable":true,"href":"https:\/\/www.europesays.com\/se\/wp-json\/wp\/v2\/comments?post=108172"}],"version-history":[{"count":0,"href":"https:\/\/www.europesays.com\/se\/wp-json\/wp\/v2\/posts\/108172\/revisions"}],"wp:featuredmedia":[{"embeddable":true,"href":"https:\/\/www.europesays.com\/se\/wp-json\/wp\/v2\/media\/108173"}],"wp:attachment":[{"href":"https:\/\/www.europesays.com\/se\/wp-json\/wp\/v2\/media?parent=108172"}],"wp:term":[{"taxonomy":"category","embeddable":true,"href":"https:\/\/www.europesays.com\/se\/wp-json\/wp\/v2\/categories?post=108172"},{"taxonomy":"post_tag","embeddable":true,"href":"https:\/\/www.europesays.com\/se\/wp-json\/wp\/v2\/tags?post=108172"}],"curies":[{"name":"wp","href":"https:\/\/api.w.org\/{rel}","templated":true}]}}