{"id":108180,"date":"2025-12-16T19:11:18","date_gmt":"2025-12-16T19:11:18","guid":{"rendered":"https:\/\/www.europesays.com\/se\/108180\/"},"modified":"2025-12-16T19:11:18","modified_gmt":"2025-12-16T19:11:18","slug":"svensk-fangslad-i-iran-anklagas-for-spioneri","status":"publish","type":"post","link":"https:\/\/www.europesays.com\/se\/108180\/","title":{"rendered":"Svensk f\u00e4ngslad i Iran \u2013 anklagas f\u00f6r spioneri"},"content":{"rendered":"<p>En svensk medborgare sitter sedan i somras f\u00e4ngslad i Iran anklagad f\u00f6r spioneri, uppger landets domstolsv\u00e4sende enligt AFP.<\/p>\n<p>Enligt nyhetsbyr\u00e5n h\u00e4vdas att personen har dubbelt medborgarskap. Den anklagade ska ha gripits under det tolv dagar l\u00e5nga kriget mellan Iran och Israel, misst\u00e4nkt f\u00f6r att ha spionerat f\u00f6r Israel. <\/p>\n<p>Utrikesminister Maria Malmer Stenergard bekr\u00e4ftar f\u00f6r Expressen att en svensk medborgare sitter f\u00e4ngslad men vill inte g\u00e5 in p\u00e5 n\u00e5gra detaljer.<\/p>\n<p>\u201dUD och ambassaden i Teheran \u00e4r i kontakt med anh\u00f6riga.\u201d<\/p>\n<p>Omni \u00e4r politiskt obundna och oberoende. Vi str\u00e4var efter att ge fler perspektiv p\u00e5 nyheterna. Har du fr\u00e5gor eller synpunkter kring v\u00e5r rapportering? <a href=\"https:\/\/omni.se\/iran-anklagar-svensk-for-spioneri\/a\/mailto:redaktion@omni.se\" class=\"ArticleActions_contactLink__W2F1M\" rel=\"nofollow noopener\" target=\"_blank\">Kontakta redaktionen<\/a><\/p>\n","protected":false},"excerpt":{"rendered":"En svensk medborgare sitter sedan i somras f\u00e4ngslad i Iran anklagad f\u00f6r spioneri, uppger landets domstolsv\u00e4sende enligt AFP.&hellip;\n","protected":false},"author":2,"featured_media":108181,"comment_status":"","ping_status":"","sticky":false,"template":"","format":"standard","meta":{"footnotes":""},"categories":[12],"tags":[22,23,26,27,17,21,1530,342,24,25,28,29,15,16,18,34,31,33,32,30,19,20],"class_list":{"0":"post-108180","1":"post","2":"type-post","3":"status-publish","4":"format-standard","5":"has-post-thumbnail","7":"category-sverige","8":"tag-breaking-news","9":"tag-breakingnews","10":"tag-featured-news","11":"tag-featurednews","12":"tag-headlines","13":"tag-huvudnyheter","14":"tag-iran","15":"tag-israel","16":"tag-latest-news","17":"tag-latestnews","18":"tag-main-news","19":"tag-mainnews","20":"tag-news","21":"tag-nyheter","22":"tag-rubriker","23":"tag-se","24":"tag-svenska","25":"tag-sverige","26":"tag-sweden","27":"tag-swedish","28":"tag-top-stories","29":"tag-topstories"},"share_on_mastodon":{"url":"https:\/\/pubeurope.com\/@se\/115730834007921756","error":""},"_links":{"self":[{"href":"https:\/\/www.europesays.com\/se\/wp-json\/wp\/v2\/posts\/108180","targetHints":{"allow":["GET"]}}],"collection":[{"href":"https:\/\/www.europesays.com\/se\/wp-json\/wp\/v2\/posts"}],"about":[{"href":"https:\/\/www.europesays.com\/se\/wp-json\/wp\/v2\/types\/post"}],"author":[{"embeddable":true,"href":"https:\/\/www.europesays.com\/se\/wp-json\/wp\/v2\/users\/2"}],"replies":[{"embeddable":true,"href":"https:\/\/www.europesays.com\/se\/wp-json\/wp\/v2\/comments?post=108180"}],"version-history":[{"count":0,"href":"https:\/\/www.europesays.com\/se\/wp-json\/wp\/v2\/posts\/108180\/revisions"}],"wp:featuredmedia":[{"embeddable":true,"href":"https:\/\/www.europesays.com\/se\/wp-json\/wp\/v2\/media\/108181"}],"wp:attachment":[{"href":"https:\/\/www.europesays.com\/se\/wp-json\/wp\/v2\/media?parent=108180"}],"wp:term":[{"taxonomy":"category","embeddable":true,"href":"https:\/\/www.europesays.com\/se\/wp-json\/wp\/v2\/categories?post=108180"},{"taxonomy":"post_tag","embeddable":true,"href":"https:\/\/www.europesays.com\/se\/wp-json\/wp\/v2\/tags?post=108180"}],"curies":[{"name":"wp","href":"https:\/\/api.w.org\/{rel}","templated":true}]}}