{"id":108190,"date":"2025-12-16T19:19:18","date_gmt":"2025-12-16T19:19:18","guid":{"rendered":"https:\/\/www.europesays.com\/se\/108190\/"},"modified":"2025-12-16T19:19:18","modified_gmt":"2025-12-16T19:19:18","slug":"kommunstyrelsen-sammantrader-den-17-december","status":"publish","type":"post","link":"https:\/\/www.europesays.com\/se\/108190\/","title":{"rendered":"Kommunstyrelsen sammantr\u00e4der den 17 december"},"content":{"rendered":"<p class=\"normal\">Kommunstyrelsen samlas kl. 11.00 och h\u00e4r ser du ett urval av de \u00e4renden som kommer att behandlas. <\/p>\n<ul class=\" env-text-list normal\">\n<li>Ig\u00e5ngs\u00e4ttningsbeslut f\u00f6r nybyggnation av utbildningslokal f\u00f6r \u00d6strabo Yrkes transportutbildning.<\/li>\n<li>Revidering av avgifter f\u00f6r markuppl\u00e5telser p\u00e5 allm\u00e4n plats inom Uddevalla kommun<\/li>\n<li>Antagande av kommunala f\u00f6reskrifter om anv\u00e4ndning av den allm\u00e4nna VA-anl\u00e4ggningen inom Uddevalla kommun<\/li>\n<li>Ans\u00f6kan om sponsring fr\u00e5n BMK Uddevalla f\u00f6r VM delt\u00e4vling MXGP 2026<\/li>\n<\/ul>\n<p>L\u00e4s hela kallelsen<\/p>\n<p class=\"normal\">Du kan ta del av kallelsen i sin helhet p\u00e5 v\u00e5r webbsida f\u00f6r kommunstyrelsens kallelser:<\/p>\n<p><a href=\"https:\/\/www.uddevalla.se\/download\/18.59b835319afcbb0db920a2\/1765526409365\/Kommunstyrelsens%20kallelse%202025-12-17.pdf\" rel=\"nofollow noopener\" target=\"_blank\">Kommunstyrelsens kallelse 2025-12-17<\/a><\/p>\n<p class=\"normal\"><a href=\"https:\/\/www.uddevalla.se\/kommun-och-politik\/politik-och-demokrati\/moten-och-protokoll\/kallelse-och-protokoll\/kommunstyrelsens-kallelse-och-protokoll.html\" rel=\"nofollow noopener\" target=\"_blank\">Kommunstyrelsens kallelse och protokoll<\/a><\/p>\n","protected":false},"excerpt":{"rendered":"Kommunstyrelsen samlas kl. 11.00 och h\u00e4r ser du ett urval av de \u00e4renden som kommer att behandlas. Ig\u00e5ngs\u00e4ttningsbeslut&hellip;\n","protected":false},"author":2,"featured_media":108191,"comment_status":"","ping_status":"","sticky":false,"template":"","format":"standard","meta":{"footnotes":""},"categories":[12],"tags":[22,23,26,27,17,21,24,25,28,29,15,16,18,34,31,33,32,30,19,20],"class_list":{"0":"post-108190","1":"post","2":"type-post","3":"status-publish","4":"format-standard","5":"has-post-thumbnail","7":"category-sverige","8":"tag-breaking-news","9":"tag-breakingnews","10":"tag-featured-news","11":"tag-featurednews","12":"tag-headlines","13":"tag-huvudnyheter","14":"tag-latest-news","15":"tag-latestnews","16":"tag-main-news","17":"tag-mainnews","18":"tag-news","19":"tag-nyheter","20":"tag-rubriker","21":"tag-se","22":"tag-svenska","23":"tag-sverige","24":"tag-sweden","25":"tag-swedish","26":"tag-top-stories","27":"tag-topstories"},"share_on_mastodon":{"url":"https:\/\/pubeurope.com\/@se\/115730865416572694","error":""},"_links":{"self":[{"href":"https:\/\/www.europesays.com\/se\/wp-json\/wp\/v2\/posts\/108190","targetHints":{"allow":["GET"]}}],"collection":[{"href":"https:\/\/www.europesays.com\/se\/wp-json\/wp\/v2\/posts"}],"about":[{"href":"https:\/\/www.europesays.com\/se\/wp-json\/wp\/v2\/types\/post"}],"author":[{"embeddable":true,"href":"https:\/\/www.europesays.com\/se\/wp-json\/wp\/v2\/users\/2"}],"replies":[{"embeddable":true,"href":"https:\/\/www.europesays.com\/se\/wp-json\/wp\/v2\/comments?post=108190"}],"version-history":[{"count":0,"href":"https:\/\/www.europesays.com\/se\/wp-json\/wp\/v2\/posts\/108190\/revisions"}],"wp:featuredmedia":[{"embeddable":true,"href":"https:\/\/www.europesays.com\/se\/wp-json\/wp\/v2\/media\/108191"}],"wp:attachment":[{"href":"https:\/\/www.europesays.com\/se\/wp-json\/wp\/v2\/media?parent=108190"}],"wp:term":[{"taxonomy":"category","embeddable":true,"href":"https:\/\/www.europesays.com\/se\/wp-json\/wp\/v2\/categories?post=108190"},{"taxonomy":"post_tag","embeddable":true,"href":"https:\/\/www.europesays.com\/se\/wp-json\/wp\/v2\/tags?post=108190"}],"curies":[{"name":"wp","href":"https:\/\/api.w.org\/{rel}","templated":true}]}}