{"id":108197,"date":"2025-12-16T19:26:13","date_gmt":"2025-12-16T19:26:13","guid":{"rendered":"https:\/\/www.europesays.com\/se\/108197\/"},"modified":"2025-12-16T19:26:13","modified_gmt":"2025-12-16T19:26:13","slug":"lagen-om-framtidsfullmakter-fungerar-inte-som-tankt","status":"publish","type":"post","link":"https:\/\/www.europesays.com\/se\/108197\/","title":{"rendered":"Lagen om framtidsfullmakter fungerar inte som t\u00e4nkt"},"content":{"rendered":"<p>Publicerad 16 dec 2025 kl 17.00Uppdaterad kl 17.12<\/p>\n<p> Premium En l\u00e4sare undrar varf\u00f6r det \u00e4r s\u00e5 kr\u00e5ngligt att sk\u00f6ta en dement f\u00f6r\u00e4lders aff\u00e4rer \u2013 trots framtidsfullmakt. Ekonomijournalisten Birgitta Piper bekr\u00e4ftar: Lagen om framtidsfullmakter \u00e4r minst sagt bristf\u00e4llig.\u00a0<\/p>\n<p>Ska du sk\u00f6ta en anh\u00f6rigs ekonomi finns flera fallgropar.<\/p>\n<p>\u2713 Framtidsfullmakten \u201dv\u00e4rdel\u00f6s\u201d vid f\u00f6rs\u00e4ljning av bostad.<\/p>\n<p>\u2713 Fyra viktiga punkter f\u00f6r dig som planerar att skriva en.<\/p>\n<p><strong>\u2713<\/strong><strong> \u00c5tta vanliga sk\u00e4l till att banken underk\u00e4nner din fullmakt.<\/strong><\/p>\n<p><img   alt=\"Lagen om framtidsfullmakter \u00e4r bristf\u00e4llig och luddig, konstaterar ekonomijournalisten Birgitta Piper.\"\/><\/p>\n<p>Lagen om framtidsfullmakter \u00e4r bristf\u00e4llig och luddig, konstaterar ekonomijournalisten Birgitta Piper. Foto: fizkes \/ Shutterstock<\/p>\n<p>Dela artikel<\/p>\n<p>Kopiera l\u00e4nk<\/p>\n<p>L\u00e4nk kopierad<\/p>\n<p><strong>Fr\u00e5ga: <\/strong>Min pappa \u00e4r dement. Jag och min bror har en framtidsfullmakt. Just nu bor han hemma med hemsjukv\u00e5rd och hemtj\u00e4nst m\u00e5nga g\u00e5nger per dag. Inom kort bed\u00f6mer kommunen att han kommer beh\u00f6va flytta till ett demensboende. Vad har vi d\u00e5 r\u00e4tt att g\u00f6ra med hans bostadsr\u00e4tt? Kan den hyras ut (om hans BRF till\u00e5ter)? S\u00e4ljas? Renoveras?<\/p>\n<p>Redan nu \u00e4r det kr\u00e5ngligt med ekonomin och att betala r\u00e4kningar och deklarera. Bankerna gillar inte framtidsfullmakten och f\u00f6r att min bror ska kunna hj\u00e4lpa pappa deklarera kr\u00e4vs det l\u00e4karintyg och m\u00e5nga olika dokument. Varf\u00f6r g\u00f6rs det inte l\u00e4ttare att hj\u00e4lpa sina dementa n\u00e4rst\u00e5ende?<\/p>\n","protected":false},"excerpt":{"rendered":"Publicerad 16 dec 2025 kl 17.00Uppdaterad kl 17.12 Premium En l\u00e4sare undrar varf\u00f6r det \u00e4r s\u00e5 kr\u00e5ngligt att&hellip;\n","protected":false},"author":2,"featured_media":108198,"comment_status":"","ping_status":"","sticky":false,"template":"","format":"standard","meta":{"footnotes":""},"categories":[65],"tags":[72,70,71,103,34,1671,31,33,32,30,12046],"class_list":{"0":"post-108197","1":"post","2":"type-post","3":"status-publish","4":"format-standard","5":"has-post-thumbnail","7":"category-ekonomi","8":"tag-business","9":"tag-economy","10":"tag-ekonomi","11":"tag-premium","12":"tag-se","13":"tag-sections-premium","14":"tag-svenska","15":"tag-sverige","16":"tag-sweden","17":"tag-swedish","18":"tag-topic-familjejuridik"},"share_on_mastodon":{"url":"https:\/\/pubeurope.com\/@se\/115730892947689761","error":""},"_links":{"self":[{"href":"https:\/\/www.europesays.com\/se\/wp-json\/wp\/v2\/posts\/108197","targetHints":{"allow":["GET"]}}],"collection":[{"href":"https:\/\/www.europesays.com\/se\/wp-json\/wp\/v2\/posts"}],"about":[{"href":"https:\/\/www.europesays.com\/se\/wp-json\/wp\/v2\/types\/post"}],"author":[{"embeddable":true,"href":"https:\/\/www.europesays.com\/se\/wp-json\/wp\/v2\/users\/2"}],"replies":[{"embeddable":true,"href":"https:\/\/www.europesays.com\/se\/wp-json\/wp\/v2\/comments?post=108197"}],"version-history":[{"count":0,"href":"https:\/\/www.europesays.com\/se\/wp-json\/wp\/v2\/posts\/108197\/revisions"}],"wp:featuredmedia":[{"embeddable":true,"href":"https:\/\/www.europesays.com\/se\/wp-json\/wp\/v2\/media\/108198"}],"wp:attachment":[{"href":"https:\/\/www.europesays.com\/se\/wp-json\/wp\/v2\/media?parent=108197"}],"wp:term":[{"taxonomy":"category","embeddable":true,"href":"https:\/\/www.europesays.com\/se\/wp-json\/wp\/v2\/categories?post=108197"},{"taxonomy":"post_tag","embeddable":true,"href":"https:\/\/www.europesays.com\/se\/wp-json\/wp\/v2\/tags?post=108197"}],"curies":[{"name":"wp","href":"https:\/\/api.w.org\/{rel}","templated":true}]}}