{"id":108225,"date":"2025-12-16T20:00:10","date_gmt":"2025-12-16T20:00:10","guid":{"rendered":"https:\/\/www.europesays.com\/se\/108225\/"},"modified":"2025-12-16T20:00:10","modified_gmt":"2025-12-16T20:00:10","slug":"360-000-ryska-soldater-vid-natos-ostgrans","status":"publish","type":"post","link":"https:\/\/www.europesays.com\/se\/108225\/","title":{"rendered":"360 000 ryska soldater vid Natos \u00f6stgr\u00e4ns"},"content":{"rendered":"<p>Publicerad 16 dec 2025 kl 16.52Uppdaterad kl 18.32<\/p>\n<p>Tyska CDU-politikern Roderich Kiesewetter s\u00e4ger att Ryssland \u00e4r f\u00f6rberett f\u00f6r ett krig mot Nato.<\/p>\n<p>Enligt honom har Ryssland placerat ut tv\u00e5 arm\u00e9k\u00e5rer, best\u00e5ende av 360 000 soldater, i Belarus.<\/p>\n<p>\u2013 De kommande tv\u00e5 \u00e5ren kommer att vara avg\u00f6rande, s\u00e4ger han i tysk tv, enligt <a href=\"https:\/\/www.bild.de\/politik\/politik-talkshows-im-tv-talk-kritik\/ukraine-experte-warnt-bei-atalay-jetzt-kommen-die-zwei-kritischsten-jahre-6940912811416590a630c340\" rel=\"nofollow noopener\" target=\"_blank\">Bild<\/a>.<\/p>\n<p>Senaste nyhetsklippen fr\u00e5n Expressen.<img   alt=\"\"\/><\/p>\n<p>Den polsk-belarusiska gr\u00e4nsen.<\/p>\n<p>Foto: Michal Dyjuk \/ TT NYHETSBYR\u00c5N<\/p>\n<p>\u00d6ppna bild i helsk\u00e4rm<img loading=\"lazy\"   alt=\"\"\/><\/p>\n<p>Rysslands president Vladimir Putin.<\/p>\n<p>Foto: RPO \/ STELLA PICTURES<\/p>\n<p>\u00d6ppna bild i helsk\u00e4rm<\/p>\n<p>Ryssland \u00e4r f\u00f6rberett f\u00f6r ett krig mot Nato i n\u00e4rtid. Det s\u00e4ger Roderich Kiesewetter, tidigare generalstabsofficer i tyska Bundeswehr.<\/p>\n<p>Enligt honom har Ryssland placerat ut tv\u00e5 arm\u00e9k\u00e5rer i <a href=\"https:\/\/www.expressen.se\/tagg\/location\/belarus\/\" class=\"\" rel=\"nofollow noopener\" target=\"_blank\">Belarus<\/a>. De best\u00e5r av totalt 360 000 man. Hans uttalanden kom p\u00e5 m\u00e5ndagskv\u00e4llen i en tv-intervju, enligt Bild.<\/p>\n<p>Kiesewetter menar att han inte s\u00e4ger detta f\u00f6r att skr\u00e4mmas, tv\u00e4rtom.<\/p>\n<p>\u2013 Om vi tar oss igenom detta kr\u00e4vs b\u00e5de f\u00f6rsvarsf\u00f6rm\u00e5ga och en saklig kommunikation med befolkningen \u2013 utan att skr\u00e4mma, men med tydliga varningar om m\u00f6jliga hot, s\u00e4ger han.<\/p>\n<p>\u201dKommande tv\u00e5 \u00e5ren kommer att vara avg\u00f6rande\u201d<\/p>\n<p>De senaste \u00e5ren har den ryska krigsf\u00f6rberedelsen flitigt debatterats av europeiska politiker och milit\u00e4rer.<\/p>\n<p>Den senaste siffran f\u00f6r n\u00e4r Ryssland kan vara berett p\u00e5 ett krig mot Nato presenterades av Natos generalsekreterare Mark Rutte f\u00f6rra veckan.<\/p>\n<p>\u2013 Med sin ekonomi helt inriktad p\u00e5 krig kan Ryssland vara redo att anv\u00e4nda milit\u00e4rt v\u00e5ld mot Nato inom fem \u00e5r.<\/p>\n<p>Roderich Kiesewetter menar att siffran inte st\u00e4mmer.<\/p>\n<p>\u2013 Jag kan bara varna f\u00f6r att bl\u00e5\u00f6gt tro att bara f\u00f6r att man tr\u00e4ffas i Berlin nu s\u00e5 kommer Putin att besinna sig. Jag befarar att de kommande tv\u00e5 \u00e5ren kommer att vara avg\u00f6rande, s\u00e4ger Keisewetter, enligt Bild.<\/p>\n","protected":false},"excerpt":{"rendered":"Publicerad 16 dec 2025 kl 16.52Uppdaterad kl 18.32 Tyska CDU-politikern Roderich Kiesewetter s\u00e4ger att Ryssland \u00e4r f\u00f6rberett f\u00f6r&hellip;\n","protected":false},"author":2,"featured_media":108226,"comment_status":"","ping_status":"","sticky":false,"template":"","format":"standard","meta":{"footnotes":""},"categories":[14],"tags":[50,22,23,26,27,17,21,24,25,540,274,28,29,15,16,18,34,55,31,33,32,30,19,60,49,20,51,52,53,54],"class_list":{"0":"post-108225","1":"post","2":"type-post","3":"status-publish","4":"format-standard","5":"has-post-thumbnail","7":"category-varlden","8":"tag-arme-forsvar","9":"tag-breaking-news","10":"tag-breakingnews","11":"tag-featured-news","12":"tag-featurednews","13":"tag-headlines","14":"tag-huvudnyheter","15":"tag-latest-news","16":"tag-latestnews","17":"tag-location-belarus","18":"tag-location-ryssland","19":"tag-main-news","20":"tag-mainnews","21":"tag-news","22":"tag-nyheter","23":"tag-rubriker","24":"tag-se","25":"tag-sections-varlden","26":"tag-svenska","27":"tag-sverige","28":"tag-sweden","29":"tag-swedish","30":"tag-top-stories","31":"tag-topic-krig-konflikt","32":"tag-topic-militar","33":"tag-topstories","34":"tag-varlden","35":"tag-world","36":"tag-world-news","37":"tag-worldnews"},"share_on_mastodon":{"url":"https:\/\/pubeurope.com\/@se\/115731026649159450","error":""},"_links":{"self":[{"href":"https:\/\/www.europesays.com\/se\/wp-json\/wp\/v2\/posts\/108225","targetHints":{"allow":["GET"]}}],"collection":[{"href":"https:\/\/www.europesays.com\/se\/wp-json\/wp\/v2\/posts"}],"about":[{"href":"https:\/\/www.europesays.com\/se\/wp-json\/wp\/v2\/types\/post"}],"author":[{"embeddable":true,"href":"https:\/\/www.europesays.com\/se\/wp-json\/wp\/v2\/users\/2"}],"replies":[{"embeddable":true,"href":"https:\/\/www.europesays.com\/se\/wp-json\/wp\/v2\/comments?post=108225"}],"version-history":[{"count":0,"href":"https:\/\/www.europesays.com\/se\/wp-json\/wp\/v2\/posts\/108225\/revisions"}],"wp:featuredmedia":[{"embeddable":true,"href":"https:\/\/www.europesays.com\/se\/wp-json\/wp\/v2\/media\/108226"}],"wp:attachment":[{"href":"https:\/\/www.europesays.com\/se\/wp-json\/wp\/v2\/media?parent=108225"}],"wp:term":[{"taxonomy":"category","embeddable":true,"href":"https:\/\/www.europesays.com\/se\/wp-json\/wp\/v2\/categories?post=108225"},{"taxonomy":"post_tag","embeddable":true,"href":"https:\/\/www.europesays.com\/se\/wp-json\/wp\/v2\/tags?post=108225"}],"curies":[{"name":"wp","href":"https:\/\/api.w.org\/{rel}","templated":true}]}}