{"id":108277,"date":"2025-12-16T21:08:14","date_gmt":"2025-12-16T21:08:14","guid":{"rendered":"https:\/\/www.europesays.com\/se\/108277\/"},"modified":"2025-12-16T21:08:14","modified_gmt":"2025-12-16T21:08:14","slug":"vita-husets-stabschef-susie-wiles-till-hard-attack-mot-trump","status":"publish","type":"post","link":"https:\/\/www.europesays.com\/se\/108277\/","title":{"rendered":"Vita husets stabschef Susie Wiles till h\u00e5rd attack mot Trump"},"content":{"rendered":"<p>Publicerad 16 dec 2025 kl 18.31Uppdaterad kl 20.45<\/p>\n<p>Vita husets stabschef Susie Wiles riktar ovanlig kritik mot Donald Trump och hans allierade.<\/p>\n<p>I en intervju med <a href=\"https:\/\/www.vanityfair.com\/news\/story\/trump-susie-wiles-interview-exclusive-part-1?srsltid=AfmBOoq1ODmT0QYx3v0p9hSlhbjQYof_FVvUZCwKPiWf-qV26NuT2hyz\" rel=\"nofollow noopener\" target=\"_blank\">Vanity Fair <\/a>beskriver hon bland annat presidenten som n\u00e5gon som \u201dhar en alkoholists personlighet\u201d.<\/p>\n<p>Uttalandena uppges ha s\u00e4nt chockv\u00e5gor genom Trumpkretsar, rapporterar <a href=\"https:\/\/edition.cnn.com\/2025\/12\/16\/politics\/susie-wiles-interview-trump\" rel=\"nofollow noopener\" target=\"_blank\">CNN<\/a>.<\/p>\n<p>Efter publiceringen har Wiles g\u00e5tt till motangrepp och menar att hennes ord \u201dtagits ur sitt sammanhang\u201d.\u00a0<\/p>\n<p>Senaste klippen om Trump-administrationen.<img   alt=\"\"\/><\/p>\n<p>Donald Trump.<\/p>\n<p>Foto: INSTAR \/ STELLA PICTURES \/ STELLA PICTURES<\/p>\n<p>\u00d6ppna bild i helsk\u00e4rm<img loading=\"lazy\"   alt=\"\"\/><\/p>\n<p>Susie Wiles.<\/p>\n<p>Foto: EVAN VUCCI \/ AP TT NYHETSBYR\u00c5N<\/p>\n<p>\u00d6ppna bild i helsk\u00e4rm<img loading=\"lazy\"   alt=\"\"\/><\/p>\n<p>Trump och Wiles i Vita huset.<\/p>\n<p>Foto: EVAN VUCCI \/ AP TT NYHETSBYR\u00c5N<\/p>\n<p>\u00d6ppna bild i helsk\u00e4rm<\/p>\n<p>Susie Wiles har funnits vid <a href=\"https:\/\/www.expressen.se\/tagg\/person\/donald-trump\/\" class=\"\" rel=\"nofollow noopener\" target=\"_blank\">Donald Trumps<\/a> sida l\u00e4nge. Hon ledde hans valkampanj i Florida inf\u00f6r hans f\u00f6rsta mandatperiod 2016 och var \u00e4ven med och s\u00e5g till att han kom tillbaka till makten 2024, d\u00e5 som nationell kampanjchef. Som bel\u00f6ning uts\u00e5gs hon till Vita husets stabschef efter valvinsten och blev d\u00e4rmed den f\u00f6rsta kvinnan p\u00e5 posten.\u00a0<\/p>\n<p>Trump sj\u00e4lv har kallat Wiles \u201dden m\u00e4ktigaste kvinnan i v\u00e4rlden\u201d, och hennes inflytande har gjort henne till en nyckelperson i administrationen. Just d\u00e4rf\u00f6r har hennes ovanligt \u00f6ppna och kritiska uttalanden om Trump och hans n\u00e4rmaste allierade i en intervjuserie hos Vanity Fair v\u00e4ckt s\u00e4rskild stor uppm\u00e4rksamhet.<\/p>\n<p>En \u201dalkoholists personlighet\u201d<\/p>\n<p>Wiles beskriver bland annat Trump som en ledare med en \u201dalkoholists personlighet\u201d, trots han \u00e4r k\u00e4nd som nykterist, och s\u00e4ger att han styr med en \u00f6vertygelse om att det inte finns n\u00e5gra gr\u00e4nser f\u00f6r hans makt.\u00a0<\/p>\n<p>\u2013 Det finns inget han inte kan g\u00f6ra. Ingenting, noll, ingenting, forts\u00e4tter hon.<\/p>\n<p>Om vicepresident JD Vance s\u00e4ger Wiles att han \u201dhar varit konspirationsteoretiker i ett decennium\u201d och antyder att hans resa fr\u00e5n Trump-kritiker till lojal anh\u00e4ngare fr\u00e4mst varit politiskt motiverad.<\/p>\n<p>Techmiljad\u00e4ren Elon Musk beskriver hon som en \u201derk\u00e4nd ketaminanv\u00e4ndare\u201d och en \u201dudda, udda person\u201d, och s\u00e4ger att hon var \u201df\u00f6rskr\u00e4ckt\u201d \u00f6ver hans roll i avvecklingen av den amerikanska bist\u00e5ndsmyndigheten USAID.<\/p>\n<p>Justitieministern Pam Bondi f\u00e5r ocks\u00e5 kritik, f\u00f6r sin hantering av fallet med den avlidne sexf\u00f6rbrytaren Jeffrey Epstein.<\/p>\n<p>\u2013 Jag tycker att hon har misslyckats helt, s\u00e4ger Wiles och menar att Bondi skapat f\u00f6rvirring kring material som enligt henne inte inneh\u00f6ll n\u00e5gra avg\u00f6rande avsl\u00f6janden.<\/p>\n<p>Chock i Trumpled: \u201dUsch\u201d<\/p>\n<p>\u00c4ven Trumps egna p\u00e5st\u00e5enden om Epstein ifr\u00e5gas\u00e4tts. Wiles medger att presidenten saknaden bel\u00e4gg f\u00f6r anklagelsen om att den tidigare presidenten Bill Clinton ska ha bes\u00f6kt Epsteins privata \u00f6.<\/p>\n<p>\u2013 Det finns inga bevis, s\u00e4ger hon och konstaterar att \u201dTrump hade fel om det\u201d.<\/p>\n<p>Efter publiceringen har Wiles offentligt tagit avst\u00e5nd fr\u00e5n artikeln och h\u00e4vdar att hennes uttalanden ryckts ur sitt sammanhang.<\/p>\n<p>\u201dEfter att ha l\u00e4st den antar jag att detta gjordes f\u00f6r att m\u00e5la upp en \u00f6verv\u00e4ldigande kaotisk och negativ bild av presidenten och v\u00e5rt team\u201d, skriver hon bland annat i ett <a href=\"https:\/\/x.com\/SusieWiles\/status\/2000943061627548148\" rel=\"nofollow\">inl\u00e4gg p\u00e5 X<\/a>.<\/p>\n<p>Vita huset gick snabbt ut till hennes f\u00f6rsvar.<\/p>\n<p>\u201dTrump har ingen st\u00f6rre eller mer lojal r\u00e5dgivare \u00e4n Susie\u201d, f\u00f6rs\u00e4krar presstalesperson Karolina Leavitt i ett<a href=\"https:\/\/x.com\/PressSec\/status\/2000944086904160480\" rel=\"nofollow\"> separat uttalande<\/a>.<\/p>\n<p>Trots dementierna har intervjuerna skapat oro och spekulationer i Trumps n\u00e4rmaste krets, d\u00e4r flera uppges vara chockade \u00f6ver stabschefens ovanligt frispr\u00e5kiga omd\u00f6men.<\/p>\n<p>\u201dDet \u00e4r i alla gruppchattar\u201d, s\u00e4ger en av Trumps allierade till CNN och till\u00e4gger: \u201dAlla \u00e4r chockade och f\u00f6rvirrade\u201d.<\/p>\n<p>\u201dUsch\u201d, s\u00e4ger en annan h\u00f6gt uppsatt r\u00e5dgivare i Vita huset till tv-kanalen.<\/p>\n<p>\u201dKan du sl\u00e5 farfar&#8230;?\u201d<\/p>\n","protected":false},"excerpt":{"rendered":"Publicerad 16 dec 2025 kl 18.31Uppdaterad kl 20.45 Vita husets stabschef Susie Wiles riktar ovanlig kritik mot Donald&hellip;\n","protected":false},"author":2,"featured_media":108278,"comment_status":"","ping_status":"","sticky":false,"template":"","format":"standard","meta":{"footnotes":""},"categories":[5],"tags":[22,23,26,27,17,21,24,25,45,1340,28,29,15,16,198,18,34,55,31,33,32,30,19,204,20],"class_list":{"0":"post-108277","1":"post","2":"type-post","3":"status-publish","4":"format-standard","5":"has-post-thumbnail","7":"category-rubriker","8":"tag-breaking-news","9":"tag-breakingnews","10":"tag-featured-news","11":"tag-featurednews","12":"tag-headlines","13":"tag-huvudnyheter","14":"tag-latest-news","15":"tag-latestnews","16":"tag-location-usa","17":"tag-location-vita-huset","18":"tag-main-news","19":"tag-mainnews","20":"tag-news","21":"tag-nyheter","22":"tag-person-donald-trump","23":"tag-rubriker","24":"tag-se","25":"tag-sections-varlden","26":"tag-svenska","27":"tag-sverige","28":"tag-sweden","29":"tag-swedish","30":"tag-top-stories","31":"tag-topic-amerikansk-politik","32":"tag-topstories"},"share_on_mastodon":{"url":"https:\/\/pubeurope.com\/@se\/115731294071280984","error":""},"_links":{"self":[{"href":"https:\/\/www.europesays.com\/se\/wp-json\/wp\/v2\/posts\/108277","targetHints":{"allow":["GET"]}}],"collection":[{"href":"https:\/\/www.europesays.com\/se\/wp-json\/wp\/v2\/posts"}],"about":[{"href":"https:\/\/www.europesays.com\/se\/wp-json\/wp\/v2\/types\/post"}],"author":[{"embeddable":true,"href":"https:\/\/www.europesays.com\/se\/wp-json\/wp\/v2\/users\/2"}],"replies":[{"embeddable":true,"href":"https:\/\/www.europesays.com\/se\/wp-json\/wp\/v2\/comments?post=108277"}],"version-history":[{"count":0,"href":"https:\/\/www.europesays.com\/se\/wp-json\/wp\/v2\/posts\/108277\/revisions"}],"wp:featuredmedia":[{"embeddable":true,"href":"https:\/\/www.europesays.com\/se\/wp-json\/wp\/v2\/media\/108278"}],"wp:attachment":[{"href":"https:\/\/www.europesays.com\/se\/wp-json\/wp\/v2\/media?parent=108277"}],"wp:term":[{"taxonomy":"category","embeddable":true,"href":"https:\/\/www.europesays.com\/se\/wp-json\/wp\/v2\/categories?post=108277"},{"taxonomy":"post_tag","embeddable":true,"href":"https:\/\/www.europesays.com\/se\/wp-json\/wp\/v2\/tags?post=108277"}],"curies":[{"name":"wp","href":"https:\/\/api.w.org\/{rel}","templated":true}]}}