{"id":108298,"date":"2025-12-16T21:32:23","date_gmt":"2025-12-16T21:32:23","guid":{"rendered":"https:\/\/www.europesays.com\/se\/108298\/"},"modified":"2025-12-16T21:32:23","modified_gmt":"2025-12-16T21:32:23","slug":"thomas-bodstrom-linnea-henriksson-och-claes-eriksson-bland-arets-vintervardar-pressinformation","status":"publish","type":"post","link":"https:\/\/www.europesays.com\/se\/108298\/","title":{"rendered":"Thomas Bodstr\u00f6m, Linnea Henriksson och Claes Eriksson bland \u00e5rets Vinterv\u00e4rdar &#8211; Pressinformation"},"content":{"rendered":"<p>\u2013 Vinter lyser upp i vinterm\u00f6rkret som en flammande fackla. De \u00e5tta Vinterv\u00e4rdarna hj\u00e4lper oss att navigera i livet och f\u00e5r v\u00e5ra tankar att vandra, s\u00e4ger <strong>Bibi R\u00f6d\u00f6\u00f6<\/strong>, programchef f\u00f6r Sommar och Vinter i P1.<\/p>\n<p>\u2013 De kommer att tala om sanning och l\u00f6gn, om att navigera r\u00e4tt i livet och plikten att k\u00e4nna hopp. Om en manusf\u00f6rfattares vederm\u00f6dor, livsviktig litteratur, ber\u00e4ttelsens kraft och om hur man sover b\u00e4ttre. Och s\u00e5 \u00f6ppnas det ett paket fullt av k\u00e4rlek, musik och d\u00e5liga beslut, s\u00e4ger <strong>Bibi R\u00f6d\u00f6\u00f6<\/strong>.<\/p>\n<p>Film d\u00e4r Bibi R\u00f6d\u00f6\u00f6 presenterar \u00e5rets v\u00e4rdar finns p\u00e5 <a target=\"_blank\" rel=\"noopener noreferrer nofollow\" href=\"https:\/\/www.sverigesradio.se\/sommar-i-p1\">Vinters hemsida<\/a>.<\/p>\n<p>ALLA VINTERV\u00c4RDAR 2025 \u2013 <a class=\"internal-link\" target=\"_self\" href=\"https:\/\/www.sverigesradio.se\/artikel\/vinterpratare-2025-hela-listan\" rel=\"nofollow noopener\">h\u00e4r finns listan<\/a><\/p>\n<p>Alla Vinterv\u00e4rdar \u00e4r tidigare Sommarv\u00e4rdar.<\/p>\n<p><a class=\"external-link\" rel=\"noreferrer noopener nofollow\" target=\"_blank\" href=\"https:\/\/portal.bildbank.se\/p\/sverigesradio-vinterp1\">Pressbilder<\/a>, foto: Mattias Ahlm\/Sveriges Radio<br \/>\u00a0\u00a0<\/p>\n<p>F\u00f6r mer information, v\u00e4nligen kontakta<\/p>\n<p>Bibi R\u00f6d\u00f6\u00f6, programchef<a class=\"external-link\" rel=\"noreferrer noopener nofollow\" target=\"_blank\" href=\"https:\/\/www.sverigesradio.se\/artikel\/mailto:programchef\ufffcbibi.rodoo@sverigesradio.se\"><a class=\"internal-link\" target=\"_self\" href=\"https:\/\/www.sverigesradio.se\/artikel\/mailto:programchef\ufffcbibi.rodoo@sverigesradio.se\" rel=\"nofollow noopener\"><a target=\"_blank\" rel=\"noopener noreferrer nofollow\" href=\"https:\/\/www.sverigesradio.se\/artikel\/mailto:programchef\ufffcbibi.rodoo@sverigesradio.se\"><br \/>bibi.rodoo@sverigesradio.se<\/a> <\/p>\n<p>Eva Sahlin, pressansvarig<a class=\"external-link\" rel=\"noreferrer noopener nofollow\" target=\"_blank\" href=\"https:\/\/www.sverigesradio.se\/artikel\/mailto:pressansvarig\ufffceva.sahlin@sverigesradio.se\"><a class=\"internal-link\" target=\"_self\" href=\"https:\/\/www.sverigesradio.se\/artikel\/mailto:pressansvarig\ufffceva.sahlin@sverigesradio.se\" rel=\"nofollow noopener\"><a target=\"_blank\" rel=\"noopener noreferrer nofollow\" href=\"https:\/\/www.sverigesradio.se\/artikel\/mailto:pressansvarig\ufffceva.sahlin@sverigesradio.se\"><br \/>eva.sahlin@sverigesradio.se<\/a><br \/>070-684 18 52<\/p>\n","protected":false},"excerpt":{"rendered":"\u2013 Vinter lyser upp i vinterm\u00f6rkret som en flammande fackla. De \u00e5tta Vinterv\u00e4rdarna hj\u00e4lper oss att navigera i&hellip;\n","protected":false},"author":2,"featured_media":108299,"comment_status":"","ping_status":"","sticky":false,"template":"","format":"standard","meta":{"footnotes":""},"categories":[5],"tags":[22,23,26,27,17,21,24,25,28,29,15,16,1183,1184,1181,1180,18,34,1182,31,33,32,30,19,20],"class_list":{"0":"post-108298","1":"post","2":"type-post","3":"status-publish","4":"format-standard","5":"has-post-thumbnail","7":"category-rubriker","8":"tag-breaking-news","9":"tag-breakingnews","10":"tag-featured-news","11":"tag-featurednews","12":"tag-headlines","13":"tag-huvudnyheter","14":"tag-latest-news","15":"tag-latestnews","16":"tag-main-news","17":"tag-mainnews","18":"tag-news","19":"tag-nyheter","20":"tag-press-sr","21":"tag-pressinfo-sr","22":"tag-pressinformation-sr","23":"tag-presstjnsten-sveriges-radio","24":"tag-rubriker","25":"tag-se","26":"tag-sr-press","27":"tag-svenska","28":"tag-sverige","29":"tag-sweden","30":"tag-swedish","31":"tag-top-stories","32":"tag-topstories"},"share_on_mastodon":{"url":"https:\/\/pubeurope.com\/@se\/115731388379225817","error":""},"_links":{"self":[{"href":"https:\/\/www.europesays.com\/se\/wp-json\/wp\/v2\/posts\/108298","targetHints":{"allow":["GET"]}}],"collection":[{"href":"https:\/\/www.europesays.com\/se\/wp-json\/wp\/v2\/posts"}],"about":[{"href":"https:\/\/www.europesays.com\/se\/wp-json\/wp\/v2\/types\/post"}],"author":[{"embeddable":true,"href":"https:\/\/www.europesays.com\/se\/wp-json\/wp\/v2\/users\/2"}],"replies":[{"embeddable":true,"href":"https:\/\/www.europesays.com\/se\/wp-json\/wp\/v2\/comments?post=108298"}],"version-history":[{"count":0,"href":"https:\/\/www.europesays.com\/se\/wp-json\/wp\/v2\/posts\/108298\/revisions"}],"wp:featuredmedia":[{"embeddable":true,"href":"https:\/\/www.europesays.com\/se\/wp-json\/wp\/v2\/media\/108299"}],"wp:attachment":[{"href":"https:\/\/www.europesays.com\/se\/wp-json\/wp\/v2\/media?parent=108298"}],"wp:term":[{"taxonomy":"category","embeddable":true,"href":"https:\/\/www.europesays.com\/se\/wp-json\/wp\/v2\/categories?post=108298"},{"taxonomy":"post_tag","embeddable":true,"href":"https:\/\/www.europesays.com\/se\/wp-json\/wp\/v2\/tags?post=108298"}],"curies":[{"name":"wp","href":"https:\/\/api.w.org\/{rel}","templated":true}]}}