{"id":108321,"date":"2025-12-16T22:53:07","date_gmt":"2025-12-16T22:53:07","guid":{"rendered":"https:\/\/www.europesays.com\/se\/108321\/"},"modified":"2025-12-16T22:53:07","modified_gmt":"2025-12-16T22:53:07","slug":"nick-reiner-misstankt-for-mord-pa-rob-och-michele-reiner","status":"publish","type":"post","link":"https:\/\/www.europesays.com\/se\/108321\/","title":{"rendered":"Nick Reiner misst\u00e4nkt f\u00f6r mord p\u00e5 Rob och Michele Reiner"},"content":{"rendered":"<p>Nick Reiner misst\u00e4nkts f\u00f6r mordet p\u00e5 sina f\u00f6r\u00e4ldrar, Rob Reiner och Michele Singer Reiner.<\/p>\n<p>Om han d\u00f6ms riskerar han d\u00f6dsstraff, meddelar distrikts\u00e5klagaren i Los Angeles p\u00e5 en presskonferens.<\/p>\n<p>\u201dEn sinnesrubbad person.\u201d<img loading=\"lazy\"   alt=\"\"\/><\/p>\n<p>Bilderna p\u00e5 gripandet av Nick Reiner har nu tagits bort fr\u00e5n sociala medier.<\/p>\n<p>Foto: Instagram \/ lapd_gnd \/ Instagram \/ lapd_gnd<\/p>\n<p>\u00d6ppna bild i helsk\u00e4rm<img loading=\"lazy\"   alt=\"\"\/><\/p>\n<p>Enligt uppgifter till TMZ ska ett h\u00f6gljutt br\u00e5k mellan Nick Reiner och paret skett p\u00e5 en julfest innan mordet.<\/p>\n<p>Foto: RICHARD SHOTWELL \/ AP TT NYHETSBYR\u00c5N<\/p>\n<p>\u00d6ppna bild i helsk\u00e4rm<img loading=\"lazy\"   alt=\"\"\/><\/p>\n<p>Rob Reiner och Michele Singer Reiner hittades m\u00f6rdade av sin dotter p\u00e5 s\u00f6ndagen.<\/p>\n<p>Foto: Lev Radin \/ Zuma Press \/ TT NYHETSBYR\u00c5N<\/p>\n<p>\u00d6ppna bild i helsk\u00e4rmArtikeln i korthet<\/p>\n<p> \u00c5klagaren avser formellt anklaga Nick Reiner f\u00f6r morden p\u00e5 sina f\u00f6r\u00e4ldrar, Hollywoodregiss\u00f6ren Rob Reiner och hans fru Michele Singer Reiner.<\/p>\n<p> Brotten kan leda till livstids f\u00e4ngelse, och \u00e5klagaren kan \u00e4ven yrka p\u00e5 d\u00f6dstraff.<\/p>\n<p> Enligt uppgifter till medier ska ett h\u00f6gljutt br\u00e5k mellan Reiner och hans f\u00f6r\u00e4ldrar vid en julfest hos komikern Conan O\u2019Brien ha f\u00f6reg\u00e5tt morden.<\/p>\n<p> Bara timmar efter det misst\u00e4nkta mordet uppges 32-\u00e5ringen checkat in p\u00e5 ett hotell. N\u00e4r rummet st\u00e4dades uppt\u00e4cktes blod i duschen och p\u00e5 lakan.<\/p>\n<p>Visa mer<\/p>\n<p>Det var i s\u00f6ndags som Hollywoodregiss\u00f6ren Rob Reiner, 78, och hans fru Michele Singer Reiner, 68, hittades d\u00f6da i sitt hem i <a href=\"https:\/\/www.expressen.se\/tagg\/location\/los-angeles\/\" class=\"\" rel=\"nofollow noopener\" target=\"_blank\">Los Angeles<\/a>.<\/p>\n<p>Parets son, Nick Reiner, greps senare samma dag och sitter nu h\u00e4ktad misst\u00e4nkt f\u00f6r att ha m\u00f6rdat dem.<\/p>\n<p>P\u00e5 en presskonferens p\u00e5 tisdagen meddelar distrikts\u00e5klagaren Nathan Hochman att han avser att formellt anklaga honom.<\/p>\n<p>Anklagelserna omfattar tv\u00e5 fall av mord samt vapenbrott, eftersom han misst\u00e4nks ha anv\u00e4nt en kniv vid d\u00e5det.<\/p>\n<p>Riskerar livstid<\/p>\n<p>Enligt Hochman kan brotten leda till livstids f\u00e4ngelse utan m\u00f6jlighet till villkorlig frigivning. Han s\u00e4ger att han \u00e4ven har m\u00f6jlighet att yrka p\u00e5 d\u00f6dsstraff, men betonar att n\u00e5got s\u00e5dant beslut \u00e4nnu inte har fattats.<\/p>\n<p>D\u00f6dsstraff kan utd\u00f6mas i Kalifornien, men det har inte till\u00e4mpats p\u00e5 n\u00e4stan 20 \u00e5r.<\/p>\n<p>Enligt uppgifter till TMZ ska ett h\u00f6gljutt br\u00e5k mellan Nick Reiner och hans f\u00f6r\u00e4ldrar vid en julfest hemma hos komikern Conan O\u2019Brien p\u00e5 l\u00f6rdagen ha f\u00f6reg\u00e5tt de misst\u00e4nkta morden.<\/p>\n<p>Vid samma tillst\u00e4llning uppges 32-\u00e5ringen \u00e4ven ha avbrutit ett privat samtal mellan komikern Bill Hader och en annan person, skriver New York Post. Efter att ha blivit tillsagd ska han ha l\u00e4mnat festen abrupt.<\/p>\n<p>Blodsp\u00e5r p\u00e5 hotell<\/p>\n<p>P\u00e5 s\u00f6ndagen, bara timmar efter de misst\u00e4nkta morden tros ha beg\u00e5tts, uppges Nick Reiner checkat in p\u00e5 ett hotell i Santa Monica, rapporterar TMZ.<\/p>\n<p>Vittnen uppger att han uppfattades som p\u00e5verkad vid incheckningen, men utan synliga tecken p\u00e5 att ha varit inblandad i n\u00e5gon v\u00e5ldsam konfrontation.<\/p>\n<p>N\u00e4r hotellpersonalen st\u00e4dade rummet efter att han checkat ut p\u00e5 s\u00f6ndagen gjordes dock en makaber uppt\u00e4ckt.\u00a0<\/p>\n<p>Duschen ska ha varit fylld med blod och blodsp\u00e5r ska \u00e4ven ha funnits p\u00e5 lakanen. Enligt uppgifterna var hotellrummets f\u00f6nster dessutom t\u00e4ckta med lakan.<\/p>\n<p>Los Angeles-polisen grep Nick Reiner p\u00e5 s\u00f6ndagskv\u00e4llen, rapporterar TMZ. Polisen publicerade d\u00e4refter bilder p\u00e5 sociala medier d\u00e4r han syns i handbojor, omringad av poliser.<\/p>\n<p><img loading=\"lazy\"   alt=\"\"\/><\/p>\n<p>Nick Reiner kunde gripas p\u00e5 s\u00f6ndagskv\u00e4llen.<\/p>\n<p>Foto: Instagram \/ lapd_gnd \/ Instagram \/ lapd_gnd<\/p>\n<p>\u00d6ppna bild i helsk\u00e4rm<img loading=\"lazy\"   alt=\"\"\/><\/p>\n<p>Sonen kunde gripas n\u00e4ra en t\u00e5gstation i Los Angeles.<\/p>\n<p>Foto: Instagram \/ lapd_gnd \/ Instagram \/ lapd_gnd<\/p>\n<p>\u00d6ppna bild i helsk\u00e4rm<\/p>\n<p>Inl\u00e4gget har senare tagits bort, men enligt TMZ framgick det att patrullen som grep honom hade st\u00f6d av en specialstyrka.<\/p>\n<p>Nick Reiner har k\u00e4mpat med drogmissbruk sedan barndomen, skriver New York Times. Han b\u00f6rjade missbruka droger redan vid 15 \u00e5rs \u00e5lder och skrevs d\u00e5 in p\u00e5 sitt f\u00f6rsta behandlingsprogram.\u00a0<\/p>\n<p>Som vuxen har han \u00f6ppet ber\u00e4ttat om sitt beroende och uppgett att han genomgick drogbehandling omkring 18 g\u00e5nger under ton\u00e5ren.<\/p>\n","protected":false},"excerpt":{"rendered":"Nick Reiner misst\u00e4nkts f\u00f6r mordet p\u00e5 sina f\u00f6r\u00e4ldrar, Rob Reiner och Michele Singer Reiner. Om han d\u00f6ms riskerar&hellip;\n","protected":false},"author":2,"featured_media":108322,"comment_status":"","ping_status":"","sticky":false,"template":"","format":"standard","meta":{"footnotes":""},"categories":[5],"tags":[22,23,26,27,17,21,24,25,773,1997,28,29,15,12053,16,18,34,31,33,32,30,19,109,436,20],"class_list":{"0":"post-108321","1":"post","2":"type-post","3":"status-publish","4":"format-standard","5":"has-post-thumbnail","7":"category-rubriker","8":"tag-breaking-news","9":"tag-breakingnews","10":"tag-featured-news","11":"tag-featurednews","12":"tag-headlines","13":"tag-huvudnyheter","14":"tag-latest-news","15":"tag-latestnews","16":"tag-location-hollywood","17":"tag-location-los-angeles","18":"tag-main-news","19":"tag-mainnews","20":"tag-news","21":"tag-newsstory-mordet-pa-rob-och-michele-reiner","22":"tag-nyheter","23":"tag-rubriker","24":"tag-se","25":"tag-svenska","26":"tag-sverige","27":"tag-sweden","28":"tag-swedish","29":"tag-top-stories","30":"tag-topic-skadespelare","31":"tag-topic-valdsbrott-mord","32":"tag-topstories"},"share_on_mastodon":{"url":"https:\/\/pubeurope.com\/@se\/115731706933644602","error":""},"_links":{"self":[{"href":"https:\/\/www.europesays.com\/se\/wp-json\/wp\/v2\/posts\/108321","targetHints":{"allow":["GET"]}}],"collection":[{"href":"https:\/\/www.europesays.com\/se\/wp-json\/wp\/v2\/posts"}],"about":[{"href":"https:\/\/www.europesays.com\/se\/wp-json\/wp\/v2\/types\/post"}],"author":[{"embeddable":true,"href":"https:\/\/www.europesays.com\/se\/wp-json\/wp\/v2\/users\/2"}],"replies":[{"embeddable":true,"href":"https:\/\/www.europesays.com\/se\/wp-json\/wp\/v2\/comments?post=108321"}],"version-history":[{"count":0,"href":"https:\/\/www.europesays.com\/se\/wp-json\/wp\/v2\/posts\/108321\/revisions"}],"wp:featuredmedia":[{"embeddable":true,"href":"https:\/\/www.europesays.com\/se\/wp-json\/wp\/v2\/media\/108322"}],"wp:attachment":[{"href":"https:\/\/www.europesays.com\/se\/wp-json\/wp\/v2\/media?parent=108321"}],"wp:term":[{"taxonomy":"category","embeddable":true,"href":"https:\/\/www.europesays.com\/se\/wp-json\/wp\/v2\/categories?post=108321"},{"taxonomy":"post_tag","embeddable":true,"href":"https:\/\/www.europesays.com\/se\/wp-json\/wp\/v2\/tags?post=108321"}],"curies":[{"name":"wp","href":"https:\/\/api.w.org\/{rel}","templated":true}]}}