{"id":108365,"date":"2025-12-17T00:37:19","date_gmt":"2025-12-17T00:37:19","guid":{"rendered":"https:\/\/www.europesays.com\/se\/108365\/"},"modified":"2025-12-17T00:37:19","modified_gmt":"2025-12-17T00:37:19","slug":"benjamin-dousa-det-ar-mycket-varre-an-jag-trodde","status":"publish","type":"post","link":"https:\/\/www.europesays.com\/se\/108365\/","title":{"rendered":"Benjamin Dousa: &#8221;Det \u00e4r mycket v\u00e4rre \u00e4n jag trodde&#8221;"},"content":{"rendered":"<p class=\"has-drop-cap\">Bist\u00e5ndsminister Benjamin Dousa tar emot Fokus p\u00e5 sitt ganska enkla tj\u00e4nsterum i Arvfurstens palats vid Gustav Adolfs torg i Stockholm. Bist\u00e5ndsministern har just avslutat en presstr\u00e4ff d\u00e4r han har ber\u00e4ttat om reformer inom bist\u00e5ndet. Fem gamla s\u00e5 kallade programl\u00e4nder ska fasas ut. Det betyder att bist\u00e5ndet dit upph\u00f6r. Flera journalister p\u00e5 presstr\u00e4ffen visade indignation inf\u00f6r detta. Tar man inte br\u00f6det ur munnen p\u00e5 de fattiga? Dousa upprepade g\u00e5ng p\u00e5 g\u00e5ng sina inrepeterade metaforer. \u201dVi har ingen hemlig sedelpress p\u00e5 UD, vi m\u00e5ste st\u00f6tta Ukraina och d\u00e4rf\u00f6r g\u00f6r vi s\u00e5 h\u00e4r\u201d. Och: \u201dBist\u00e5ndet har alltf\u00f6r l\u00e4nge varit en vattenspridare, nu vill vi rikta str\u00e5larna mer koncentrerat p\u00e5 f\u00e4rre mottagare.\u201d\u00a0\u00a0<\/p>\n<p>\u00c4r det kanske dags att st\u00e4nga av bist\u00e5ndskranen helt? Nej, dit \u00e4r det nog l\u00e5ngt. Bist\u00e5ndet \u00e4r fortfarande n\u00e5got av en helig ko i svensk politik. Varje f\u00f6r\u00e4ndring v\u00e4cker ilska. Allra mest ilska v\u00e4ckte den nuvarande regeringens beslut att avskaffa enprocentm\u00e5let som har varit en svensk institution sedan 1968, d\u00e5 det inf\u00f6rdes efter h\u00e5rt tryck fr\u00e5n framf\u00f6r allt Folkpartiet. En procent av bruttonationalinkomsten skulle l\u00e4ggas p\u00e5 bist\u00e5nd, vilket ledde till att Sida kom att drivas av ett utbetalningsm\u00e5l. Pengarna skulle helt enkelt bara ut, annars levde inte myndigheten upp till politikernas krav. M\u00e5nga ogenomt\u00e4nkta projekt kom att finansieras p\u00e5 det s\u00e4ttet.  <\/p>\n<p>\u2013 N\u00e4r jag blev bist\u00e5ndsminister f\u00f6r drygt ett \u00e5r sedan s\u00e5 hade jag ganska l\u00e5ga f\u00f6rv\u00e4ntningar p\u00e5 bist\u00e5ndet. Efter ett \u00e5r kan jag s\u00e4ga att det var mycket v\u00e4rre \u00e4n jag trodde, s\u00e4ger Benjamin Dousa som har funderat en hel del p\u00e5 hur det kunde bli s\u00e5 illa.  <\/p>\n<p>\u2013 Jag tror att roten till mycket \u00e4r att man p\u00e5 f\u00f6rhand hade best\u00e4mt att en procent av BNI ska g\u00e5 till bist\u00e5ndet, vilket betyder att olika bist\u00e5ndsministrar kommer och g\u00e5r, olika f\u00e4rg, olika partier, alla drivs av lite olika saker. Behj\u00e4rtansv\u00e4rda saker, men olika. S\u00e5 en bist\u00e5ndsminister kommer in och s\u00e4ger: Jag bryr mig framf\u00f6r allt om demokratibist\u00e5nd. Jaha, d\u00e5 har Sveriges ekonomi vuxit lite sedan f\u00f6rra regeringen s\u00e5 d\u00e5 har man 220 nya miljoner att s\u00e4tta spr\u00e4tt p\u00e5. Efter n\u00e5gra \u00e5r kommer n\u00e4sta bist\u00e5ndsminister och s\u00e4ger: Jag bryr mig framf\u00f6r allt om Afrika. Ja, d\u00e5 har BNI stigit s\u00e5 att man har 300 nya miljoner att s\u00e4tta spr\u00e4tt p\u00e5. S\u00e5 kommer n\u00e4sta minister som bryr sig mest om Ukraina, och d\u00e5 har man 400 nya miljoner, s\u00e4ger Dousa och forts\u00e4tter:  <\/p>\n<p>\u2013 Ingen har tvingats prioritera, p\u00e5 det s\u00e4tt jag beh\u00f6ver g\u00f6ra. S\u00e5 n\u00e4r jag nu vill l\u00e4gga 2 nya miljarder p\u00e5 Ukraina m\u00e5ste jag ta de pengarna n\u00e5gonstans ifr\u00e5n. Ingen har tidigare beh\u00f6vt g\u00f6ra det, f\u00f6r det har bara tickat p\u00e5 upp\u00e5t. Nu minskar vi bist\u00e5ndsbudgeten fr\u00e5n 56 till 53 miljarder, men det riktigt stora vi har lyckats med \u00e4r att f\u00e5 bort enprocentm\u00e5let.  <\/p>\n<p>Om man sedan blickar fram\u00e5t tre, fyra \u00e5r och BNI forts\u00e4tter v\u00e4xa samtidigt som bist\u00e5ndet ligger kvar p\u00e5 53 miljarder s\u00e5 blir det en besparing p\u00e5 uppskattningsvis 18-19 miljarder per \u00e5r, j\u00e4mf\u00f6rt med om enprocentsm\u00e5let hade legat kvar. Pengar som d\u00e5 kan g\u00e5 till s\u00e4nkta skatter, till v\u00e5rd, skola, omsorg och polis h\u00e4r hemma i Sverige, resonerar Dousa. <\/p>\n<p>\u2013 Det var bara tv\u00e5 partier i riksdagen som ville avskaffa enprocentm\u00e5let och det var Moderaterna och Sverigedemokraterna. Alla andra partier vill tillbaka till m\u00e5let.  <\/p>\n<p>I Dousas stora saneringsprojekt \u00e4r det frivilligorganisationerna som nu sitter l\u00f6sast. De hanterar 1,8 miljarder kronor ur den svenska bist\u00e5ndsbudgeten. Paraplyorganisationen ForumCiv samlar ungef\u00e4r 180 grupper, av vilka de flesta sysslar med olika former av bist\u00e5nd v\u00e4rlden \u00f6ver. Den \u00f6vergripande parollen \u00e4r att verka f\u00f6r \u201den r\u00e4ttvis och h\u00e5llbar v\u00e4rld\u201d, enligt ForumCivs egen presentation d\u00e4r det ocks\u00e5 st\u00e5r att man arbetar med \u201dcivilsamh\u00e4llens kapacitetsutveckling\u201d. De vill st\u00e4rka demokrati och m\u00e4nskliga r\u00e4ttigheter, st\u00f6dja kvinnor i civilsamh\u00e4llet och sl\u00e5 vakt om j\u00e4mst\u00e4lldhet mellan k\u00f6nen.  <\/p>\n<p>Vad dessa 1,8 miljarder anv\u00e4nds till \u00e4r ok\u00e4nt, och Dousa medger att det \u00e4r besv\u00e4rande att beh\u00f6va konstatera det. Men, till\u00e4gger han, det \u00e4r just d\u00e4rf\u00f6r han f\u00f6rs\u00f6ker st\u00e4da i bist\u00e5ndspolitiken. <\/p>\n<p>\u2013<strong> <\/strong>S\u00e4g att en frivilligorganisation f\u00e5r 150 miljoner och s\u00e5 delar den ut till 20, 30, 40 andra som i sin tur betalar ut till 20, 30, 40 andra i fem till sex olika led. Det inneb\u00e4r att Sida p\u00e5 ett \u00e5r betalar ut pengar till tiotusentals olika insatser och det \u00e4r ju n\u00e4stan om\u00f6jligt att veta i sista ledet var den skattekronan hamnar n\u00e5gonstans, s\u00e4ger Dousa. <\/p>\n<p>\u2013 Vad som helst kan allts\u00e5 d\u00f6lja sig bakom de h\u00e4r siffrorna, det \u00e4r det som \u00e4r problemet. Ingen har riktig koll p\u00e5 var pengarna hamnar n\u00e5gonstans. Vi f\u00f6rs\u00f6ker belysa det vi hittar, vi v\u00e4nder p\u00e5 en sten och f\u00f6rs\u00f6ker ta bort det vi inte vill ha d\u00e4r, men n\u00e4stan varje vecka hittar man nya saker som man blir f\u00f6rundrad \u00f6ver, n\u00e5got som vi kanske i 20 \u00e5rs tid har finansierat med m\u00e5nga, m\u00e5nga miljoner.  <\/p>\n<p>Fokus st\u00e4llde i h\u00f6stas fr\u00e5gor till b\u00e5de Sida och UD om antalet mottagare av svenskt bist\u00e5nd i v\u00e4rlden, utan att f\u00e5 n\u00e5gra riktiga svar. Dousa ler lite n\u00e4r han f\u00e5r h\u00f6ra det, och harklar sig l\u00e4tt. <\/p>\n<p>\u2013Allts\u00e5, om jag ska vara \u00e4rlig, vi vet inte ens hur m\u00e5nga l\u00e4nder vi bedriver bist\u00e5ndsarbete i. Det var den f\u00f6rsta fr\u00e5gan jag st\u00e4llde som bist\u00e5ndsminister, jag var ny p\u00e5 jobbet och ville s\u00e5 klart l\u00e4ra mig mer, och ingenstans p\u00e5 Sidas eller UD:s hemsida kunde jag se exakt hur m\u00e5nga l\u00e4nder vi bedriver bist\u00e5nd i. Vi ger ju till m\u00e5nga multilaterala organisationer, FN och EU, som sedan slussar ut pengarna. Vi vet inte hur m\u00e5nga l\u00e4nder vi \u00e4r i, vi vet inte ens hur m\u00e5nga projekt vi betalar p\u00e5 ett \u00e5r.  <\/p>\n<p>\u2013 Verkligen. Och det \u00e4r ocks\u00e5 ett uppdrag vi har gett till Sida. De och UD m\u00e5ste bli mycket b\u00e4ttre p\u00e5 att jobba med evidens. En sak \u00e4r utv\u00e4rdering av om pengarna har g\u00e5tt till det de ska g\u00e5 till, eller om de har de g\u00e5tt till Rolexklockor. Det \u00e4r basplattan. Vi har ett problem med korruption i bist\u00e5ndet, i tio procent av Sidas aktiva insatser finns det just nu misstankar om korruption eller andra oegentligheter. S\u00e5 det \u00e4r ett problem. Men i volym, i pengar, s\u00e5 tror jag att det st\u00f6rsta problemet \u00e4r att det finansierar m\u00e5nga insatser som inte har n\u00e5gon effekt. Det \u00e4r inte korruption, men det leder inte n\u00e5gon vart, s\u00e4ger bist\u00e5ndsministern. <\/p>\n","protected":false},"excerpt":{"rendered":"Bist\u00e5ndsminister Benjamin Dousa tar emot Fokus p\u00e5 sitt ganska enkla tj\u00e4nsterum i Arvfurstens palats vid Gustav Adolfs torg&hellip;\n","protected":false},"author":2,"featured_media":108366,"comment_status":"","ping_status":"","sticky":false,"template":"","format":"standard","meta":{"footnotes":""},"categories":[14],"tags":[1105,4633,22,23,26,27,17,21,24,25,28,29,15,16,369,18,34,5483,31,33,32,30,19,20,4761,51,52,53,54],"class_list":{"0":"post-108365","1":"post","2":"type-post","3":"status-publish","4":"format-standard","5":"has-post-thumbnail","7":"category-varlden","8":"tag-benjamin-dousa","9":"tag-bistandspolitik","10":"tag-breaking-news","11":"tag-breakingnews","12":"tag-featured-news","13":"tag-featurednews","14":"tag-headlines","15":"tag-huvudnyheter","16":"tag-latest-news","17":"tag-latestnews","18":"tag-main-news","19":"tag-mainnews","20":"tag-news","21":"tag-nyheter","22":"tag-politik","23":"tag-rubriker","24":"tag-se","25":"tag-sida","26":"tag-svenska","27":"tag-sverige","28":"tag-sweden","29":"tag-swedish","30":"tag-top-stories","31":"tag-topstories","32":"tag-utrikesdepartementet","33":"tag-varlden","34":"tag-world","35":"tag-world-news","36":"tag-worldnews"},"share_on_mastodon":{"url":"https:\/\/pubeurope.com\/@se\/115732115980571111","error":""},"_links":{"self":[{"href":"https:\/\/www.europesays.com\/se\/wp-json\/wp\/v2\/posts\/108365","targetHints":{"allow":["GET"]}}],"collection":[{"href":"https:\/\/www.europesays.com\/se\/wp-json\/wp\/v2\/posts"}],"about":[{"href":"https:\/\/www.europesays.com\/se\/wp-json\/wp\/v2\/types\/post"}],"author":[{"embeddable":true,"href":"https:\/\/www.europesays.com\/se\/wp-json\/wp\/v2\/users\/2"}],"replies":[{"embeddable":true,"href":"https:\/\/www.europesays.com\/se\/wp-json\/wp\/v2\/comments?post=108365"}],"version-history":[{"count":0,"href":"https:\/\/www.europesays.com\/se\/wp-json\/wp\/v2\/posts\/108365\/revisions"}],"wp:featuredmedia":[{"embeddable":true,"href":"https:\/\/www.europesays.com\/se\/wp-json\/wp\/v2\/media\/108366"}],"wp:attachment":[{"href":"https:\/\/www.europesays.com\/se\/wp-json\/wp\/v2\/media?parent=108365"}],"wp:term":[{"taxonomy":"category","embeddable":true,"href":"https:\/\/www.europesays.com\/se\/wp-json\/wp\/v2\/categories?post=108365"},{"taxonomy":"post_tag","embeddable":true,"href":"https:\/\/www.europesays.com\/se\/wp-json\/wp\/v2\/tags?post=108365"}],"curies":[{"name":"wp","href":"https:\/\/api.w.org\/{rel}","templated":true}]}}