{"id":108371,"date":"2025-12-17T01:08:08","date_gmt":"2025-12-17T01:08:08","guid":{"rendered":"https:\/\/www.europesays.com\/se\/108371\/"},"modified":"2025-12-17T01:08:08","modified_gmt":"2025-12-17T01:08:08","slug":"efn-anstallda-vittnar-om-missnoje-efter-varslet","status":"publish","type":"post","link":"https:\/\/www.europesays.com\/se\/108371\/","title":{"rendered":"EFN-anst\u00e4llda vittnar om missn\u00f6je efter varslet"},"content":{"rendered":"<p>En tredjedel av de omkring 60 anst\u00e4llda p\u00e5 Handelsbankens mediekanal EFN tvingas l\u00e4mna, och missn\u00f6jet p\u00e5 arbetsplatsen \u00e4r stort. Det rapporterar Expressen som varit i kontakt med flera medarbetare. <\/p>\n<p>Missn\u00f6jet riktas mot hur varslet har hanterats och det gror b\u00e5de bland de drabbade och de som f\u00e5r jobba kvar.<\/p>\n<p>\u2013 Det \u00e4r fruktansv\u00e4rt, det g\u00e5r fortfarande inte riktigt att f\u00f6rst\u00e5. Samtidigt tvingas vi jobba p\u00e5 som vanligt. Det \u00e4r en m\u00e5nads l\u00e5ngt trauma som bara p\u00e5g\u00e5r, s\u00e4ger en av dem. <\/p>\n<p>En annan person skriver att EFN p\u00e5 tv\u00e5 m\u00e5nader g\u00e5tt fr\u00e5n att vara en inspirerande och kul redaktion till att bli en arbetsplats med \u201dmardr\u00f6msliknande f\u00f6rh\u00e5llanden\u201d. Personen vittnar ocks\u00e5 om att de som varslats frysts ut av cheferna och pressats till att skriva under avg\u00e5ngsvederlag. <\/p>\n<p>Omni \u00e4r politiskt obundna och oberoende. Vi str\u00e4var efter att ge fler perspektiv p\u00e5 nyheterna. Har du fr\u00e5gor eller synpunkter kring v\u00e5r rapportering? <a href=\"https:\/\/omni.se\/efn-anstallda-vittnar-om-missnoje-efter-varslet\/a\/mailto:redaktion@omni.se\" class=\"ArticleActions_contactLink__W2F1M\" rel=\"nofollow noopener\" target=\"_blank\">Kontakta redaktionen<\/a><\/p>\n","protected":false},"excerpt":{"rendered":"En tredjedel av de omkring 60 anst\u00e4llda p\u00e5 Handelsbankens mediekanal EFN tvingas l\u00e4mna, och missn\u00f6jet p\u00e5 arbetsplatsen \u00e4r&hellip;\n","protected":false},"author":2,"featured_media":108372,"comment_status":"","ping_status":"","sticky":false,"template":"","format":"standard","meta":{"footnotes":""},"categories":[65],"tags":[720,72,70,71,5822,732,34,31,33,32,30],"class_list":{"0":"post-108371","1":"post","2":"type-post","3":"status-publish","4":"format-standard","5":"has-post-thumbnail","7":"category-ekonomi","8":"tag-arbetsmarknad","9":"tag-business","10":"tag-economy","11":"tag-ekonomi","12":"tag-handelsbanken","13":"tag-media-reklam","14":"tag-se","15":"tag-svenska","16":"tag-sverige","17":"tag-sweden","18":"tag-swedish"},"share_on_mastodon":{"url":"https:\/\/pubeurope.com\/@se\/115732237748144934","error":""},"_links":{"self":[{"href":"https:\/\/www.europesays.com\/se\/wp-json\/wp\/v2\/posts\/108371","targetHints":{"allow":["GET"]}}],"collection":[{"href":"https:\/\/www.europesays.com\/se\/wp-json\/wp\/v2\/posts"}],"about":[{"href":"https:\/\/www.europesays.com\/se\/wp-json\/wp\/v2\/types\/post"}],"author":[{"embeddable":true,"href":"https:\/\/www.europesays.com\/se\/wp-json\/wp\/v2\/users\/2"}],"replies":[{"embeddable":true,"href":"https:\/\/www.europesays.com\/se\/wp-json\/wp\/v2\/comments?post=108371"}],"version-history":[{"count":0,"href":"https:\/\/www.europesays.com\/se\/wp-json\/wp\/v2\/posts\/108371\/revisions"}],"wp:featuredmedia":[{"embeddable":true,"href":"https:\/\/www.europesays.com\/se\/wp-json\/wp\/v2\/media\/108372"}],"wp:attachment":[{"href":"https:\/\/www.europesays.com\/se\/wp-json\/wp\/v2\/media?parent=108371"}],"wp:term":[{"taxonomy":"category","embeddable":true,"href":"https:\/\/www.europesays.com\/se\/wp-json\/wp\/v2\/categories?post=108371"},{"taxonomy":"post_tag","embeddable":true,"href":"https:\/\/www.europesays.com\/se\/wp-json\/wp\/v2\/tags?post=108371"}],"curies":[{"name":"wp","href":"https:\/\/api.w.org\/{rel}","templated":true}]}}