{"id":108414,"date":"2025-12-17T04:27:12","date_gmt":"2025-12-17T04:27:12","guid":{"rendered":"https:\/\/www.europesays.com\/se\/108414\/"},"modified":"2025-12-17T04:27:12","modified_gmt":"2025-12-17T04:27:12","slug":"vinner-forradarna-ska-brinna-i-helvetet","status":"publish","type":"post","link":"https:\/\/www.europesays.com\/se\/108414\/","title":{"rendered":"Vinner \u201dF\u00f6rr\u00e4darna\u201d: \u201dSka brinna i helvetet\u201d"},"content":{"rendered":"<p>Fyra t\u00e4vlande \u00e5terstod i slutet av finalen, och de trogna trodde in i det sista att komikern Ahmed Berhan var en av dem. Men d\u00e5 han var en f\u00f6rr\u00e4dare stod han som ensam segrare i TV4:s program \u201dF\u00f6rr\u00e4darna\u201d och vinner d\u00e4rmed 329\u202f000 kronor. <\/p>\n<p>I slutet stod han tillsammans med Tom Sj\u00f6stedt, Cleo Kinnaman och Marcus Birro, som en efter en ber\u00e4ttade att de var trogna. N\u00e4r Berhan fick ordet sa han: <\/p>\n<p>\u2013 Den som har skapat det h\u00e4r spelet. Vi kommer att brinna tillsammans i helvetet. Jag \u00e4r en f\u00f6rr\u00e4dare, varp\u00e5 hans medspelare s\u00e5g chockade ut. <\/p>\n<p>Till Aftonbladet s\u00e4ger Berhan att han ska s\u00e4tta in pengarna p\u00e5 sina barns konto. <\/p>\n<p>\u2013 Vi har inte lagt in pengar i deras sparkonto innan, s\u00e5 det blir perfekt att l\u00e4gga in en klumpsumma p\u00e5 en g\u00e5ng.<\/p>\n<p>Omni \u00e4r politiskt obundna och oberoende. Vi str\u00e4var efter att ge fler perspektiv p\u00e5 nyheterna. Har du fr\u00e5gor eller synpunkter kring v\u00e5r rapportering? <a href=\"https:\/\/omni.se\/vinner-forradrarna-ska-brinna-i-helvetet\/a\/mailto:redaktion@omni.se\" class=\"ArticleActions_contactLink__W2F1M\" rel=\"nofollow noopener\" target=\"_blank\">Kontakta redaktionen<\/a><\/p>\n","protected":false},"excerpt":{"rendered":"Fyra t\u00e4vlande \u00e5terstod i slutet av finalen, och de trogna trodde in i det sista att komikern Ahmed&hellip;\n","protected":false},"author":2,"featured_media":108415,"comment_status":"","ping_status":"","sticky":false,"template":"","format":"standard","meta":{"footnotes":""},"categories":[67],"tags":[12057,104,168,12058,34,31,33,32,30,12056,4189,105],"class_list":{"0":"post-108414","1":"post","2":"type-post","3":"status-publish","4":"format-standard","5":"has-post-thumbnail","7":"category-underhallning","8":"tag-ahmed-berhan","9":"tag-entertainment","10":"tag-film-tv","11":"tag-marcus-birro","12":"tag-se","13":"tag-svenska","14":"tag-sverige","15":"tag-sweden","16":"tag-swedish","17":"tag-tom-sjostedt","18":"tag-tv4","19":"tag-underhallning"},"share_on_mastodon":{"url":"https:\/\/pubeurope.com\/@se\/115733020241495065","error":""},"_links":{"self":[{"href":"https:\/\/www.europesays.com\/se\/wp-json\/wp\/v2\/posts\/108414","targetHints":{"allow":["GET"]}}],"collection":[{"href":"https:\/\/www.europesays.com\/se\/wp-json\/wp\/v2\/posts"}],"about":[{"href":"https:\/\/www.europesays.com\/se\/wp-json\/wp\/v2\/types\/post"}],"author":[{"embeddable":true,"href":"https:\/\/www.europesays.com\/se\/wp-json\/wp\/v2\/users\/2"}],"replies":[{"embeddable":true,"href":"https:\/\/www.europesays.com\/se\/wp-json\/wp\/v2\/comments?post=108414"}],"version-history":[{"count":0,"href":"https:\/\/www.europesays.com\/se\/wp-json\/wp\/v2\/posts\/108414\/revisions"}],"wp:featuredmedia":[{"embeddable":true,"href":"https:\/\/www.europesays.com\/se\/wp-json\/wp\/v2\/media\/108415"}],"wp:attachment":[{"href":"https:\/\/www.europesays.com\/se\/wp-json\/wp\/v2\/media?parent=108414"}],"wp:term":[{"taxonomy":"category","embeddable":true,"href":"https:\/\/www.europesays.com\/se\/wp-json\/wp\/v2\/categories?post=108414"},{"taxonomy":"post_tag","embeddable":true,"href":"https:\/\/www.europesays.com\/se\/wp-json\/wp\/v2\/tags?post=108414"}],"curies":[{"name":"wp","href":"https:\/\/api.w.org\/{rel}","templated":true}]}}