{"id":108424,"date":"2025-12-17T04:41:25","date_gmt":"2025-12-17T04:41:25","guid":{"rendered":"https:\/\/www.europesays.com\/se\/108424\/"},"modified":"2025-12-17T04:41:25","modified_gmt":"2025-12-17T04:41:25","slug":"utlysning-av-stipendium-inom-det-trafikmedicinska-omradet-lakartidningen","status":"publish","type":"post","link":"https:\/\/www.europesays.com\/se\/108424\/","title":{"rendered":"Utlysning av stipendium inom det trafikmedicinska omr\u00e5det \u2013 L\u00e4kartidningen"},"content":{"rendered":"<p>Svensk trafikmedicinsk f\u00f6renings forskningsfond (STMFF) utlyser h\u00e4rmed m\u00f6jlighet att ans\u00f6ka om stipendium (20\u2009000 SEK) f\u00f6r v\u00e4rdefull insats inom det trafikmedicinska omr\u00e5det, eller resestipendium f\u00f6r att fr\u00e4mja s\u00f6kandes och trafikmedicinens utveckling (20\u2009000 SEK). Trafikmedicin omfattar studier av olika faktorer av betydelse f\u00f6r att re\u00adducera skador och d\u00f6dsfall i framf\u00f6r allt v\u00e4gtrafiken, men andra trafikslag \u00e4r ej uteslutna.<\/p>\n<p>Ans\u00f6kan ska ha inkommit senast den 15 november 2024 till fondens vetenskapliga sekreterare Anna-Lena Andersson: <a href=\"https:\/\/lakartidningen.se\/nyheter\/meddelande\/utlysning-av-stipendium-inom-det-trafikmedicinska-omradet\/mailto:sunningen1@icloud.com\" rel=\"nofollow noopener\" target=\"_blank\">sunningen1@icloud.com<\/a>. F\u00f6r mer information om utlysningen och ans\u00f6kningsf\u00f6rfarandet se <a href=\"http:\/\/www.stmf.nu\" rel=\"nofollow noopener\" target=\"_blank\">www.stmf.nu<\/a> eller kontakta vetenskapliga sekreteraren p\u00e5 070-560 9322. Beslut om utdelning fattas f\u00f6re 31 december 2024.<\/p>\n<p>\n\t\tAnnons\t\t\t<\/p>\n<p>\t\t<a href=\"https:\/\/www.lakemedelsverket.se\/sv\/behandling-och-forskrivning\/behandlingsrekommendationer\/sok-behandlingsrekommendationer\/depression-angest-och-tvangssyndrom-behandlingsrekommendation?mtm_campaign=depression_angest_tvang&amp;mtm_source=lakartidningen\" data-ad-target=\"link\" class=\"Ad-content\" rel=\"sponsored nofollow noopener\" target=\"_blank\"><\/p>\n<p>\t\t\t\t<img alt=\"Annons\" class=\"MediaWrapper-content Ad-image\" src=\"https:\/\/www.europesays.com\/se\/wp-content\/uploads\/2025\/12\/1765946485_38_lv-lakartidningen-1404x720-119962-1.png\" data-lazy-load-target=\"content\" width=\"468\" height=\"240\" loading=\"lazy\" decoding=\"async\" fetchpriority=\"auto\"\/><\/p>\n<p>\t\t<\/a><\/p>\n","protected":false},"excerpt":{"rendered":"Svensk trafikmedicinsk f\u00f6renings forskningsfond (STMFF) utlyser h\u00e4rmed m\u00f6jlighet att ans\u00f6ka om stipendium (20\u2009000 SEK) f\u00f6r v\u00e4rdefull insats inom&hellip;\n","protected":false},"author":2,"featured_media":23191,"comment_status":"","ping_status":"","sticky":false,"template":"","format":"standard","meta":{"footnotes":""},"categories":[69],"tags":[113,112,34,31,33,32,30],"class_list":{"0":"post-108424","1":"post","2":"type-post","3":"status-publish","4":"format-standard","5":"has-post-thumbnail","7":"category-halsa","8":"tag-halsa","9":"tag-health","10":"tag-se","11":"tag-svenska","12":"tag-sverige","13":"tag-sweden","14":"tag-swedish"},"share_on_mastodon":{"url":"https:\/\/pubeurope.com\/@se\/115733075452580370","error":""},"_links":{"self":[{"href":"https:\/\/www.europesays.com\/se\/wp-json\/wp\/v2\/posts\/108424","targetHints":{"allow":["GET"]}}],"collection":[{"href":"https:\/\/www.europesays.com\/se\/wp-json\/wp\/v2\/posts"}],"about":[{"href":"https:\/\/www.europesays.com\/se\/wp-json\/wp\/v2\/types\/post"}],"author":[{"embeddable":true,"href":"https:\/\/www.europesays.com\/se\/wp-json\/wp\/v2\/users\/2"}],"replies":[{"embeddable":true,"href":"https:\/\/www.europesays.com\/se\/wp-json\/wp\/v2\/comments?post=108424"}],"version-history":[{"count":0,"href":"https:\/\/www.europesays.com\/se\/wp-json\/wp\/v2\/posts\/108424\/revisions"}],"wp:featuredmedia":[{"embeddable":true,"href":"https:\/\/www.europesays.com\/se\/wp-json\/wp\/v2\/media\/23191"}],"wp:attachment":[{"href":"https:\/\/www.europesays.com\/se\/wp-json\/wp\/v2\/media?parent=108424"}],"wp:term":[{"taxonomy":"category","embeddable":true,"href":"https:\/\/www.europesays.com\/se\/wp-json\/wp\/v2\/categories?post=108424"},{"taxonomy":"post_tag","embeddable":true,"href":"https:\/\/www.europesays.com\/se\/wp-json\/wp\/v2\/tags?post=108424"}],"curies":[{"name":"wp","href":"https:\/\/api.w.org\/{rel}","templated":true}]}}