{"id":108427,"date":"2025-12-17T04:49:16","date_gmt":"2025-12-17T04:49:16","guid":{"rendered":"https:\/\/www.europesays.com\/se\/108427\/"},"modified":"2025-12-17T04:49:16","modified_gmt":"2025-12-17T04:49:16","slug":"aktivklubb-och-mc-gangpa-nazistfest-i-eskilstuna","status":"publish","type":"post","link":"https:\/\/www.europesays.com\/se\/108427\/","title":{"rendered":"Aktivklubb och mc-g\u00e4ng\np\u00e5 nazistfest i Eskilstuna"},"content":{"rendered":"<p>Publicerad 16 dec 2025 kl 20.02Uppdaterad kl 21.33<\/p>\n<p>H\u00e4r samlas nazister f\u00f6r en stor fest utanf\u00f6r Eskilstuna.<\/p>\n<p>Bland dem som hyllade den avlidne vitmaktmusikern Joakim Karlsson fanns f\u00f6retr\u00e4dare f\u00f6r nazistiska Aktivklubb och en mc-klubb med koppling till Hells Angels.<\/p>\n<p>\u2013 Han \u00e4r verkligen den viktigaste vitmaktmusikern i Sverige n\u00e5gonsin, s\u00e4ger Jonathan Leman p\u00e5 Expo.<\/p>\n<p><img   alt=\"\"\/><\/p>\n<p>Joakim Karlssons bild p\u00e5 VK, som \u00e4r den ryska motsvarigheten till Facebook. Han st\u00e5r framf\u00f6r \u201dArbeit macht frei\u201d-skylten i koncentrationsl\u00e4gret Dachau.<\/p>\n<p>\u00d6ppna bild i helsk\u00e4rm<\/p>\n<p>I fredags begravdes Joakim Karlsson, veteran inom vitmaktmilj\u00f6n, i Fors kyrka i <a href=\"https:\/\/www.expressen.se\/tagg\/location\/eskilstuna\/\" class=\"\" rel=\"nofollow noopener\" target=\"_blank\">Eskilstuna<\/a>. Karlsson inledde sin karri\u00e4r redan i slutet av 80-talet i bandet Pro Patria som sedan ombildades till Pluton Svea.<\/p>\n<p>Artikeln i korthet<\/p>\n<p>\u2022 Joakim Karlsson, veteran inom vitmaktmusiken i band som Pro Patria och Pluton Svea, begravdes i Eskilstuna i fredags.<\/p>\n<p>\u2022 Efter begravningen h\u00f6lls en fest till hans \u00e4ra. Bland g\u00e4sterna fanns f\u00f6retr\u00e4dare f\u00f6r nazistiska Aktivklubb och en mc-klubb med koppling till Hells Angels.<\/p>\n<p>Visa mer<\/p>\n<p>Pluton Svea fick stor betydelse f\u00f6r den svenska vitmaktmusiken och bandets engagemang f\u00f6r nazismen var p\u00e5tagligt. I exempelvis l\u00e5ten \u201dSt\u00f6veltramp\u201d hyllade bandet hakkorset och i l\u00e5ten \u201dV\u00e4pnad kamp\u201d uppmanades till v\u00e5ld mot bland andra \u201dSion\u201d och \u201dkommunistiska vidriga flator\u201d.<\/p>\n<p>\u2013\u00a0Han var j\u00e4tteviktig redan under Pluton Svea-tiden men han har fortsatt sedan dess att vinna \u00f6ver senare generationers nazister. Pluton Svea \u00e4r ett v\u00e4ldigt popul\u00e4rt band bland de ton\u00e5ringar som nu kommer in i den h\u00f6gerextrema milj\u00f6n, s\u00e4ger Jonathan Leman, researcher p\u00e5 Expo.<\/p>\n<p>Hyllas internationellt<\/p>\n<p>Under de senaste decennierna har Karlsson varit engagerad i flera olika musikprojekt som exempelvis V\u00f6lund Smed, Pitbullfarm, Code 291 och Brutal Attack. P\u00e5 senare \u00e5r s\u00e5lde Karlsson, parallellt med musiken, kl\u00e4der med nazistiska budskap, vilket <a href=\"https:\/\/expo.se\/fordjupning\/hatets-entreprenorer\/\" rel=\"nofollow noopener\" target=\"_blank\">Expo<\/a> har uppm\u00e4rksammat. Han hade ocks\u00e5 koppling till nazistiska NMR n\u00e4r han hj\u00e4lpte dem att samla in pengar till F\u00e5nghj\u00e4lpen, som st\u00f6der medlemmar som d\u00f6mts till f\u00e4ngelse.<\/p>\n<p>Karlsson var dessutom ett v\u00e4lk\u00e4nt namn i internationella vitmaktkretsar med m\u00e5nga spelningar utomlands. Efter beskedet om hans bortg\u00e5ng har flera utl\u00e4ndska vitmakt-akt\u00f6rer hyllat honom.<\/p>\n<p>Efter begravningen i fredags h\u00f6lls en efterfest i utkanten av Eskilstuna f\u00f6r att \u201dhedra Jocke denna kv\u00e4ll\u201d, som det stod i inbjudan. Festen h\u00f6lls i en lokal som tidigare anv\u00e4nts f\u00f6r bilf\u00f6rs\u00e4ljning och vid sjutiden b\u00f6rjade musikupptr\u00e4dandena, bland annat av Karlssons tidigare bandkamrater.<\/p>\n<p><img loading=\"lazy\"   alt=\"\"\/><\/p>\n<p>Gustav Blomberg och Ludvig Liljeros, b\u00e5da med koppling till nazistiska Aktivklubb, p\u00e5 begravningsfesten f\u00f6r Joakim Karlsson.<\/p>\n<p>Foto: EXPRESSEN<\/p>\n<p>\u00d6ppna bild i helsk\u00e4rm<img loading=\"lazy\"   alt=\"\"\/><\/p>\n<p>Ludvig Liljeros och Gustav Blomberg, i bakgrunden, p\u00e5 begravningsfesten f\u00f6r Joakim Karlsson.<\/p>\n<p>Foto: EXPRESSEN<\/p>\n<p>\u00d6ppna bild i helsk\u00e4rm<img loading=\"lazy\"   alt=\"\"\/><\/p>\n<p>F\u00f6retr\u00e4dare f\u00f6r North Trail MC p\u00e5 festen f\u00f6r Joakim Karlsson.<\/p>\n<p>Foto: EXPRESSEN<\/p>\n<p>\u00d6ppna bild i helsk\u00e4rm<img loading=\"lazy\"   alt=\"\"\/><\/p>\n<p>Aktivklubbs Gustav Blomberg la upp en bild inifr\u00e5n festen i sociala medier.<\/p>\n<p>\u00d6ppna bild i helsk\u00e4rmNazistiska Aktivklubb p\u00e5 plats<\/p>\n<p>Bland g\u00e4sterna p\u00e5 festen fanns personer inom nazistiska Aktivklubb, som Gustav Blomberg och Ludvig Liljeros.\u00a0<\/p>\n<p>B\u00e5de Blomberg och Liljeros var f\u00f6rrf\u00f6rra helgen p\u00e5 <a href=\"https:\/\/www.expressen.se\/nyheter\/sverige\/har-ar-de-ledande-nazisterna-i-salemmarschen\/\" rel=\"nofollow noopener\" target=\"_blank\">Salemmarschen<\/a> som samlade drygt 200 deltagare. D\u00e5 fungerade Blomberg som ett slags konferencier n\u00e4r tongivande NMR-medlemmar h\u00f6ll tal, medan Liljeros var en av dem som gick i de fr\u00e4mre leden och h\u00f6ll upp den stora banderollen.<\/p>\n<p>\u2013\u00a0Ha det bra, hej, s\u00e4ger Liljeros n\u00e4r Expressen vill st\u00e4lla fr\u00e5gor om fredagens fest.<\/p>\n<p>P\u00e5 festen f\u00f6r Joakim Karlsson syntes ocks\u00e5 f\u00f6retr\u00e4dare f\u00f6r mc-klubben North Trail MC, som st\u00e5r Hells Angels n\u00e4ra. I sociala medier har flera medlemmar i NMR skrivit att de var p\u00e5 plats f\u00f6r att hylla Karlsson.<\/p>\n<p>Expressen har s\u00f6kt Gustav Blomberg och North Trail MC.<\/p>\n<p><strong>L\u00c4S MER: <\/strong><a href=\"https:\/\/www.expressen.se\/nyheter\/sverige\/har-ar-de-ledande-nazisterna-i-salemmarschen\/\" class=\"\" rel=\"nofollow noopener\" target=\"_blank\">H\u00e4r \u00e4r de ledande nazisterna i Salemmarschen<\/a><strong>L\u00c4S MER: <\/strong><a href=\"https:\/\/www.expressen.se\/nyheter\/sverige\/fem-unga-nazister-de-ar--tongivande-i-nya-valdsrorelsen\/\" class=\"\" rel=\"nofollow noopener\" target=\"_blank\">Fem unga nazister \u2013 de \u00e4r  tongivande i nya v\u00e5ldsr\u00f6relsen<\/a><strong>L\u00c4S MER: <\/strong><a href=\"https:\/\/www.expressen.se\/nyheter\/samhallets-nya-vapen-klammer-at-nazisterna-\/\" class=\"\" rel=\"nofollow noopener\" target=\"_blank\">Samh\u00e4llets nya vapen kl\u00e4mmer \u00e5t nazisterna<\/a><\/p>\n","protected":false},"excerpt":{"rendered":"Publicerad 16 dec 2025 kl 20.02Uppdaterad kl 21.33 H\u00e4r samlas nazister f\u00f6r en stor fest utanf\u00f6r Eskilstuna. Bland&hellip;\n","protected":false},"author":2,"featured_media":108428,"comment_status":"","ping_status":"","sticky":false,"template":"","format":"standard","meta":{"footnotes":""},"categories":[5],"tags":[22,23,26,27,17,21,24,25,1959,28,29,15,16,2843,18,34,31,33,32,30,19,2844,20],"class_list":{"0":"post-108427","1":"post","2":"type-post","3":"status-publish","4":"format-standard","5":"has-post-thumbnail","7":"category-rubriker","8":"tag-breaking-news","9":"tag-breakingnews","10":"tag-featured-news","11":"tag-featurednews","12":"tag-headlines","13":"tag-huvudnyheter","14":"tag-latest-news","15":"tag-latestnews","16":"tag-location-eskilstuna","17":"tag-main-news","18":"tag-mainnews","19":"tag-news","20":"tag-nyheter","21":"tag-organization-hells-angels","22":"tag-rubriker","23":"tag-se","24":"tag-svenska","25":"tag-sverige","26":"tag-sweden","27":"tag-swedish","28":"tag-top-stories","29":"tag-topic-mc-gang","30":"tag-topstories"},"share_on_mastodon":{"url":"https:\/\/pubeurope.com\/@se\/115733106760832439","error":""},"_links":{"self":[{"href":"https:\/\/www.europesays.com\/se\/wp-json\/wp\/v2\/posts\/108427","targetHints":{"allow":["GET"]}}],"collection":[{"href":"https:\/\/www.europesays.com\/se\/wp-json\/wp\/v2\/posts"}],"about":[{"href":"https:\/\/www.europesays.com\/se\/wp-json\/wp\/v2\/types\/post"}],"author":[{"embeddable":true,"href":"https:\/\/www.europesays.com\/se\/wp-json\/wp\/v2\/users\/2"}],"replies":[{"embeddable":true,"href":"https:\/\/www.europesays.com\/se\/wp-json\/wp\/v2\/comments?post=108427"}],"version-history":[{"count":0,"href":"https:\/\/www.europesays.com\/se\/wp-json\/wp\/v2\/posts\/108427\/revisions"}],"wp:featuredmedia":[{"embeddable":true,"href":"https:\/\/www.europesays.com\/se\/wp-json\/wp\/v2\/media\/108428"}],"wp:attachment":[{"href":"https:\/\/www.europesays.com\/se\/wp-json\/wp\/v2\/media?parent=108427"}],"wp:term":[{"taxonomy":"category","embeddable":true,"href":"https:\/\/www.europesays.com\/se\/wp-json\/wp\/v2\/categories?post=108427"},{"taxonomy":"post_tag","embeddable":true,"href":"https:\/\/www.europesays.com\/se\/wp-json\/wp\/v2\/tags?post=108427"}],"curies":[{"name":"wp","href":"https:\/\/api.w.org\/{rel}","templated":true}]}}