{"id":108431,"date":"2025-12-17T04:57:24","date_gmt":"2025-12-17T04:57:24","guid":{"rendered":"https:\/\/www.europesays.com\/se\/108431\/"},"modified":"2025-12-17T04:57:24","modified_gmt":"2025-12-17T04:57:24","slug":"expressen-direkt-senaste-nytt-i-korthet-1009","status":"publish","type":"post","link":"https:\/\/www.europesays.com\/se\/108431\/","title":{"rendered":"Expressen Direkt \u2013 senaste nytt i korthet"},"content":{"rendered":"<p>Morgonens nyheterSonen misst\u00e4nks f\u00f6r Hollywood-morden \u2013 riskerar d\u00f6dsstraff<\/p>\n<p>Hollywoodregiss\u00f6ren Rob Reiner och hans fru Michele Singer Reiner hittades d\u00f6da i sitt hem i Los Angeles i s\u00f6ndags. Deras son, Nick Reiner, greps senare samma dag och misst\u00e4nks nu f\u00f6r att ha m\u00f6rdat sina f\u00f6r\u00e4ldrar. Om han d\u00f6ms riskerar han d\u00f6dsstraff, har distrikts\u00e5klagaren Nathan Hochman nu sagt p\u00e5 en presskonferens. H\u00e4ndelsen ska ha f\u00f6reg\u00e5tts av ett h\u00f6gljutt br\u00e5k p\u00e5 en julfest hos komikern Conan O\u2019Brien, och blodsp\u00e5r hittades senare p\u00e5 ett hotellrum d\u00e4r Nick Reiner checkat in. Nick har tidigare varit \u00f6ppen med sitt drogmissbruk och har genomg\u00e5tt behandling flera g\u00e5nger sedan ton\u00e5ren.<\/p>\n<p><strong>L\u00e4s mer:<\/strong> <a href=\"https:\/\/www.expressen.se\/noje\/har-grips-sonen-efter-blodiga-mordet-pa-hollywoodstjarnan\/\" target=\"_top\" rel=\"nofollow noopener\">Nick Reiner misst\u00e4nks f\u00f6r Hollywood-morden<\/a><\/p>\n<p>Kvinnor st\u00e4mmer dejtingappen Hinge<\/p>\n<p>Sex kvinnor har st\u00e4mt dejtingappen Hinge och dess moderbolag Match Group efter att ha blivit utsatta f\u00f6r v\u00e5ldt\u00e4kter av Stephen Matthews, som d\u00f6mdes f\u00f6rra \u00e5ret till ett hundrafemtio\u00e5tta \u00e5r l\u00e5ngt f\u00e4ngelsestraff. Kvinnorna menar att Hinge ignorerade varningar om Matthews och l\u00e4t honom forts\u00e4tta anv\u00e4nda appen, vilket ledde till fler \u00f6vergrepp mellan 2019 och 2023. Enligt advokaten Carrie Goldberg var detta ett f\u00f6retagsval och inte ett misstag, och offren kr\u00e4ver nu ansvar f\u00f6r det de kallar ett katastrofalt misslyckande med grundl\u00e4ggande s\u00e4kerhet. Match Group s\u00e4ger att de arbetar f\u00f6r att st\u00e4rka s\u00e4kerheten och skydda sina anv\u00e4ndare.<\/p>\n<p><strong>L\u00e4s mer:<\/strong> <a href=\"https:\/\/www.expressen.se\/noje\/har-grips-sonen-efter-blodiga-mordet-pa-hollywoodstjarnan\/\" target=\"_top\" rel=\"nofollow noopener\">Kvinnor st\u00e4mmer dejtingapp efter larm om v\u00e5ldt\u00e4ktsman<\/a><\/p>\n<p>&#8221;Barnl\u00f6sa byn&#8221; har f\u00e5tt en bebis \u2013 efter 55 \u00e5r<\/p>\n<p>I byn Vettasj\u00e4rvi, \u00e5tta mil nordv\u00e4st om G\u00e4llivare, har det f\u00f6r f\u00f6rsta g\u00e5ngen p\u00e5 femtiofem \u00e5r f\u00f6tts en bebis. Det \u00e4r tjugofyra\u00e5riga Li Nolin som tillsammans med sin sambo Jon Bertilsson nu f\u00e5tt dottern Elle-Aila, vilket har v\u00e4ckt stor gl\u00e4dje bland byns cirka sextiofem inv\u00e5nare. Li, som flyttade till byn f\u00f6r tre \u00e5r sedan, driver b\u00e5de stuguthyrning och en obemannad butik, och ser tillsammans med sin familj en framtid i Vettasj\u00e4rvi trots l\u00e5nga avst\u00e5nd till f\u00f6rskola och aff\u00e4rer. Turister lockas till byn f\u00f6r sn\u00f6, norrsken och renar, och nu har \u00e4ven barnskratt \u00e5terv\u00e4nt till platsen.<\/p>\n<p><strong>L\u00e4s mer<\/strong><strong>:<\/strong> <a href=\"https:\/\/www.expressen.se\/noje\/har-grips-sonen-efter-blodiga-mordet-pa-hollywoodstjarnan\/\" target=\"_top\" rel=\"nofollow noopener\">Li, 24, f\u00f6dde byns f\u00f6rsta bebis \u2013 p\u00e5 55 \u00e5r<\/a><\/p>\n","protected":false},"excerpt":{"rendered":"Morgonens nyheterSonen misst\u00e4nks f\u00f6r Hollywood-morden \u2013 riskerar d\u00f6dsstraff Hollywoodregiss\u00f6ren Rob Reiner och hans fru Michele Singer Reiner hittades&hellip;\n","protected":false},"author":2,"featured_media":39,"comment_status":"","ping_status":"","sticky":false,"template":"","format":"standard","meta":{"footnotes":""},"categories":[5],"tags":[22,23,26,27,17,21,24,25,28,29,15,16,18,34,31,33,32,30,19,20],"class_list":{"0":"post-108431","1":"post","2":"type-post","3":"status-publish","4":"format-standard","5":"has-post-thumbnail","7":"category-rubriker","8":"tag-breaking-news","9":"tag-breakingnews","10":"tag-featured-news","11":"tag-featurednews","12":"tag-headlines","13":"tag-huvudnyheter","14":"tag-latest-news","15":"tag-latestnews","16":"tag-main-news","17":"tag-mainnews","18":"tag-news","19":"tag-nyheter","20":"tag-rubriker","21":"tag-se","22":"tag-svenska","23":"tag-sverige","24":"tag-sweden","25":"tag-swedish","26":"tag-top-stories","27":"tag-topstories"},"share_on_mastodon":{"url":"https:\/\/pubeurope.com\/@se\/115733138180882034","error":""},"_links":{"self":[{"href":"https:\/\/www.europesays.com\/se\/wp-json\/wp\/v2\/posts\/108431","targetHints":{"allow":["GET"]}}],"collection":[{"href":"https:\/\/www.europesays.com\/se\/wp-json\/wp\/v2\/posts"}],"about":[{"href":"https:\/\/www.europesays.com\/se\/wp-json\/wp\/v2\/types\/post"}],"author":[{"embeddable":true,"href":"https:\/\/www.europesays.com\/se\/wp-json\/wp\/v2\/users\/2"}],"replies":[{"embeddable":true,"href":"https:\/\/www.europesays.com\/se\/wp-json\/wp\/v2\/comments?post=108431"}],"version-history":[{"count":0,"href":"https:\/\/www.europesays.com\/se\/wp-json\/wp\/v2\/posts\/108431\/revisions"}],"wp:featuredmedia":[{"embeddable":true,"href":"https:\/\/www.europesays.com\/se\/wp-json\/wp\/v2\/media\/39"}],"wp:attachment":[{"href":"https:\/\/www.europesays.com\/se\/wp-json\/wp\/v2\/media?parent=108431"}],"wp:term":[{"taxonomy":"category","embeddable":true,"href":"https:\/\/www.europesays.com\/se\/wp-json\/wp\/v2\/categories?post=108431"},{"taxonomy":"post_tag","embeddable":true,"href":"https:\/\/www.europesays.com\/se\/wp-json\/wp\/v2\/tags?post=108431"}],"curies":[{"name":"wp","href":"https:\/\/api.w.org\/{rel}","templated":true}]}}