{"id":108436,"date":"2025-12-17T05:06:13","date_gmt":"2025-12-17T05:06:13","guid":{"rendered":"https:\/\/www.europesays.com\/se\/108436\/"},"modified":"2025-12-17T05:06:13","modified_gmt":"2025-12-17T05:06:13","slug":"urban-fick-arets-magkansla-region-jamtland-harjedalen","status":"publish","type":"post","link":"https:\/\/www.europesays.com\/se\/108436\/","title":{"rendered":"Urban fick \u00c5rets magk\u00e4nsla | Region J\u00e4mtland H\u00e4rjedalen"},"content":{"rendered":"<p class=\"font-normal\">Priset delas ut till personer som har utr\u00e4ttat litet extra f\u00f6r barn med mag- och tarmproblem, och som likt Urban Tir\u00e9n under m\u00e5nga \u00e5r arbetat med barn- och ungdomssjukv\u00e5rd med inriktning mot just mag- och tarmsjukdomar och n\u00e4ringsl\u00e4ra f\u00f6r barn. Det kan till exempel handla om glutenintolerans, buksm\u00e4rtor, kronisk inflammatorisk tarmsjukdom, inflammation i matstrupen, medf\u00f6dda avvikelser i mage-tarm-kanalen, etcetera.<\/p>\n<p>Brinner f\u00f6r kunskapsstyrning<\/p>\n<p class=\"font-normal\">Annars brinner Urban Tir\u00e9n f\u00f6r en b\u00e4ttre och mer j\u00e4mlik utbildning och fortbildning f\u00f6r hela barnl\u00e4kark\u00e5ren, d\u00e4r man ska kunna bli specialist inom samma omr\u00e5den som man idag blir om man jobbar mot vuxna patienter. I den fr\u00e5gan uppvaktar han bland annat Socialstyrelsen, och hoppas p\u00e5 resultat fram\u00f6ver. Sedan 2017 har han arbetat med kunskapsstyrning, vilket i stora drag g\u00e5r ut p\u00e5 att i det h\u00e4r fallet alla barn- och ungdomar ska n\u00e5s av den allra b\u00e4sta v\u00e5rden. Samma kunskap ska finnas inom barnh\u00e4lsov\u00e5rden och barnsjukv\u00e5rden oavsett vart i landet man hamnar som patient. Urban Tir\u00e9n representerar den norra sjukv\u00e5rdsregionen i arbetet med kunskapsstyrning. Det i sig \u00e4r enkelt f\u00f6rklarat en organisation som byggts upp i Sverige, och som tagit \u00f6ver mycket av kunskapsf\u00f6rmedlingen inom hela sjuk- och h\u00e4lsov\u00e5rden. Det g\u00e5r ut p\u00e5 att alla regioner ska vara aktiva i arbetet, och att alla patienter ska n\u00e5s av samma goda kunskaper.<\/p>\n<p class=\"font-normal\">\u2013 Det \u00e4r v\u00e4l utvecklat i Region J\u00e4mtland H\u00e4rjedalen, men jag har arbetat l\u00e4nge med fr\u00e5gan p\u00e5 nationell niv\u00e5, ber\u00e4ttar Urban Tir\u00e9n.<\/p>\n<p>Motiveringen f\u00f6r \u00c5rets Magk\u00e4nsla lyder<\/p>\n<p class=\"font-normal\">\u201dPriset f\u00f6r \u00c5rets Magk\u00e4nsla 2025 g\u00e5r till en sann f\u00f6rebild, med hj\u00e4rtat p\u00e5 r\u00e4tt st\u00e4lle och magk\u00e4nslan som ledstj\u00e4rna. V\u00e5r pristagare har under sin l\u00e5nga karri\u00e4r som barnl\u00e4kare alltid haft h\u00f6ga ambitioner att utveckla och f\u00f6rb\u00e4ttra svensk barnsjukv\u00e5rd, inte minst barngastroenterologin. Han har alltid haft hela verksamheten och barnens b\u00e4sta i fokus. Med en kombination av klokhet, \u00f6dmjukhet och lugn har han varit en uppskattad kollega och en naturlig kraft f\u00f6r samarbete och utveckling \u2013 i hela landet.<\/p>\n<p class=\"font-normal\">V\u00e5r pristagare har under m\u00e5nga \u00e5r varit en trogen och sj\u00e4lvklar g\u00e4st vid v\u00e5ra IBD-dagar i \u00d6rebro, och trots sin gedigna erfarenhet har han aldrig slutat drivas av nyfikenhet och f\u00f6rb\u00e4ttringsvilja. \u00c4nda in i slutet av sin aktiva karri\u00e4r visar han ett genuint engagemang f\u00f6r f\u00f6rb\u00e4ttringsarbete och f\u00f6r att f\u00f6ra v\u00e5r specialitet fram\u00e5t.<\/p>\n<p class=\"font-normal\">Under de senaste \u00e5ren har han ocks\u00e5 representerat oss i den viktiga organisationen NPO Barn- och ungas h\u00e4lsa, och i dag leder han BLF:s arbete med att f\u00e5 barngastroenterologi \u2013 tillsammans med n\u00e5gra systerinriktningar \u2013 erk\u00e4nda av Socialstyrelsen som fullv\u00e4rdiga subspecialiteter.<\/p>\n<p class=\"font-normal\">F\u00f6r sitt l\u00e5ngvariga engagemang, sin prestigel\u00f6shet och sitt uth\u00e5lliga arbete f\u00f6r svensk barnsjukv\u00e5rd tilldelas Urban Tir\u00e9n, barnl\u00e4kare och barngastroenterolog fr\u00e5n \u00d6stersund, priset f\u00f6r \u00c5rets Magk\u00e4nsla 2025.\u201d<\/p>\n<p class=\"font-normal\">Priset delas ut av styrelsen f\u00f6r; SPGHN \u2013 Svenska F\u00f6reningen f\u00f6r Pediatrisk Gastroenterologi, Hepatologi och Nutrition. En del av Svenska Barnl\u00e4karf\u00f6reningen<\/p>\n<p class=\"font-normal\"><strong>TEXT &amp; FOTO: Lena Manneby<\/strong><\/p>\n","protected":false},"excerpt":{"rendered":"Priset delas ut till personer som har utr\u00e4ttat litet extra f\u00f6r barn med mag- och tarmproblem, och som&hellip;\n","protected":false},"author":2,"featured_media":37425,"comment_status":"","ping_status":"","sticky":false,"template":"","format":"standard","meta":{"footnotes":""},"categories":[5],"tags":[22,23,26,27,17,21,24,25,28,29,15,16,18,34,31,33,32,30,19,20],"class_list":{"0":"post-108436","1":"post","2":"type-post","3":"status-publish","4":"format-standard","5":"has-post-thumbnail","7":"category-rubriker","8":"tag-breaking-news","9":"tag-breakingnews","10":"tag-featured-news","11":"tag-featurednews","12":"tag-headlines","13":"tag-huvudnyheter","14":"tag-latest-news","15":"tag-latestnews","16":"tag-main-news","17":"tag-mainnews","18":"tag-news","19":"tag-nyheter","20":"tag-rubriker","21":"tag-se","22":"tag-svenska","23":"tag-sverige","24":"tag-sweden","25":"tag-swedish","26":"tag-top-stories","27":"tag-topstories"},"share_on_mastodon":{"url":"https:\/\/pubeurope.com\/@se\/115733173618361369","error":""},"_links":{"self":[{"href":"https:\/\/www.europesays.com\/se\/wp-json\/wp\/v2\/posts\/108436","targetHints":{"allow":["GET"]}}],"collection":[{"href":"https:\/\/www.europesays.com\/se\/wp-json\/wp\/v2\/posts"}],"about":[{"href":"https:\/\/www.europesays.com\/se\/wp-json\/wp\/v2\/types\/post"}],"author":[{"embeddable":true,"href":"https:\/\/www.europesays.com\/se\/wp-json\/wp\/v2\/users\/2"}],"replies":[{"embeddable":true,"href":"https:\/\/www.europesays.com\/se\/wp-json\/wp\/v2\/comments?post=108436"}],"version-history":[{"count":0,"href":"https:\/\/www.europesays.com\/se\/wp-json\/wp\/v2\/posts\/108436\/revisions"}],"wp:featuredmedia":[{"embeddable":true,"href":"https:\/\/www.europesays.com\/se\/wp-json\/wp\/v2\/media\/37425"}],"wp:attachment":[{"href":"https:\/\/www.europesays.com\/se\/wp-json\/wp\/v2\/media?parent=108436"}],"wp:term":[{"taxonomy":"category","embeddable":true,"href":"https:\/\/www.europesays.com\/se\/wp-json\/wp\/v2\/categories?post=108436"},{"taxonomy":"post_tag","embeddable":true,"href":"https:\/\/www.europesays.com\/se\/wp-json\/wp\/v2\/tags?post=108436"}],"curies":[{"name":"wp","href":"https:\/\/api.w.org\/{rel}","templated":true}]}}