{"id":108510,"date":"2025-12-17T06:51:17","date_gmt":"2025-12-17T06:51:17","guid":{"rendered":"https:\/\/www.europesays.com\/se\/108510\/"},"modified":"2025-12-17T06:51:17","modified_gmt":"2025-12-17T06:51:17","slug":"mika-zibanejad-bad-om-ursakt-for-missade-motet-jag-fastnade","status":"publish","type":"post","link":"https:\/\/www.europesays.com\/se\/108510\/","title":{"rendered":"Mika Zibanejad bad om urs\u00e4kt f\u00f6r missade m\u00f6tet: \u201dJag fastnade\u201d"},"content":{"rendered":"<p><a data-test-tag=\"internal-link\" href=\"https:\/\/www.aftonbladet.se\/av\/mattias-karlsson\" class=\"hyperion-css-13ns1rr\" rel=\"nofollow noopener\" target=\"\" aria-label=\"Se alla artiklar av Mattias Karlsson\"><img decoding=\"async\" class=\"image-asset hyperion-css-n6kkq1\" data-test-tag=\"image-asset\" src=\"https:\/\/www.europesays.com\/se\/wp-content\/uploads\/2025\/12\/1765954272_329_38202b09-017b-48f0-8484-480e072d4949\"  alt=\"\"  loading=\"lazy\" fetchpriority=\"auto\" style=\"aspect-ratio:1900 \/ 1900\"\/><\/a><\/p>\n<p class=\"boxtextgrotesk-root_baa6 hyperion-css-1w346fg\">Uppdaterad 07.49 | Publicerad 06.47<\/p>\n<p>share-arrowDela<\/p>\n<p>unsaveSpara<\/p>\n<p>Lyssna p\u00e5 artikelnLyssna p\u00e5&#8230;<\/p>\n<p class=\"hyperion-css-1shl3oz\" data-test-tag=\"lead-text\">Mika Zibanejad var tillbaka efter att ha blivit b\u00e4nkad i senaste matchen.<\/p>\n<p class=\"hyperion-css-1shl3oz\" data-test-tag=\"lead-text\">New York Rangers-stj\u00e4rnan straffades f\u00f6r att ha missat ett lagm\u00f6te.<\/p>\n<p class=\"hyperion-css-1shl3oz\" data-test-tag=\"lead-text\">\u2013 Det \u00e4r min tionde s\u00e4song nu, Jag vet vad som g\u00e4ller, s\u00e4ger den 32-\u00e5rige centern.<\/p>\n<p class=\"hyperion-css-1v9qo5x\"><a data-test-tag=\"internal-link\" href=\"https:\/\/www.aftonbladet.se\/tagg\/mika-zibanejad\" class=\"hyperion-css-15jkft9\" rel=\"nofollow noopener\" target=\"\" aria-label=\"Mika Zibanejad\" theme=\"sportbladet\">Mika Zibanejad<\/a> var petad p\u00e5 grund av disciplin\u00e4ra orsaker mot Anaheim Ducks i Madison Square Garden.<\/p>\n<p class=\"hyperion-css-1v9qo5x\">Nu var lagets svenske assisterande kapten tillbaka i hemmamatchen mot <a data-test-tag=\"internal-link\" href=\"https:\/\/www.aftonbladet.se\/tagg\/vancouver-canucks\" class=\"hyperion-css-15jkft9\" rel=\"nofollow noopener\" target=\"\" aria-label=\"Vancouver Canucks\" theme=\"sportbladet\">Vancouver Canucks<\/a>.<\/p>\n<p class=\"hyperion-css-1v9qo5x\">Efter matchen f\u00f6rklarade han f\u00f6r samlad media varf\u00f6r han hade missat lagm\u00f6tet.<\/p>\n<p class=\"hyperion-css-1v9qo5x\">\u2013 Jag fastnade. Vi fastnade bakom en olycka. Jag hoppas bara att alla i den olyckan klarade sig bra, s\u00e4ger Mika Zibanejad.<\/p>\n<p>L\u00e5ng v\u00e4g till tr\u00e4ningen<\/p>\n<p class=\"hyperion-css-1v9qo5x\">Efter tio s\u00e4songer i <a data-test-tag=\"internal-link\" href=\"https:\/\/www.aftonbladet.se\/tagg\/new-york-rangers\" class=\"hyperion-css-15jkft9\" rel=\"nofollow noopener\" target=\"\" aria-label=\"New York Rangers\" theme=\"sportbladet\">New York Rangers<\/a> och fem s\u00e4songer i Ottawa Senators f\u00f6rst\u00e5r han f\u00f6ruts\u00e4ttningarna.  <\/p>\n<p class=\"hyperion-css-1v9qo5x\">\u2013 Regler \u00e4r regler och jag var sen. Det finns inte mycket mer att s\u00e4ga \u00e4rligt talat. Det \u00e4r anledningen till att jag var sen, s\u00e4ger Mika Zibanejad.<\/p>\n<p>expand-left<\/p>\n<p>helsk\u00e4rm<img decoding=\"async\" class=\"image-asset hyperion-css-u06ts1\" data-test-tag=\"image-asset\" src=\"https:\/\/www.europesays.com\/se\/wp-content\/uploads\/2025\/12\/bc9c736e-fbd6-4601-80c5-53e2019ccc92\"  alt=\"Mika Zibanejad.\"  loading=\"eager\" fetchpriority=\"high\" style=\"aspect-ratio:1900 \/ 1266\"\/>Mika Zibanejad. Foto: Adam Hunger \/ AP<\/p>\n<p class=\"hyperion-css-1v9qo5x\">I NHL:s f\u00f6rsta avsnitt av &#8221;Road to the Winter Classic&#8221; p\u00e5 TNT var hans l\u00e5nga resa till tr\u00e4ningsanl\u00e4ggningen i Tarrytown fr\u00e5n New Tork City ett samtals\u00e4mne.<\/p>\n<p class=\"hyperion-css-1v9qo5x\">Tarrytown vid Hudsonflodens \u00f6stra strand ligger 45 kilometer norr om Madison Square Garden p\u00e5 Broadway.<\/p>\n<p class=\"hyperion-css-1v9qo5x\">Huvudcoachen Mike Sullivan avb\u00f6jde att avsl\u00f6ja om det var en eng\u00e5ngsf\u00f6reteelse f\u00f6r Mika Zibanejad, men han f\u00f6rs\u00e4krade att de tv\u00e5 hade pratat om det och var \u00f6verens om konsekvenserna.<\/p>\n<p>Tv\u00e5 raka hemmatorsk<\/p>\n<p class=\"hyperion-css-1v9qo5x\">Den h\u00e4r typen av \u00e5tg\u00e4rder \u00e4r inte ovanliga och \u00e4r undantagsl\u00f6sa i NHL-klubbarna. <\/p>\n<p class=\"hyperion-css-1v9qo5x\">Tampa Bay Lightning b\u00e4nkade Brayden Point f\u00f6r att ha missat ett obligatoriskt lagm\u00f6te i januari f\u00f6rra s\u00e4songen.<\/p>\n<p class=\"hyperion-css-1v9qo5x\">Artyom Levshunov i Chicago Blackhawks blev straffad under tisdagen f\u00f6r att ha dykt upp sent till tr\u00e4ningen.<\/p>\n<p class=\"hyperion-css-1v9qo5x\">New York Rangers f\u00f6rlorade mot Anaheim Ducks med 4\u20131 och nu mot Vancouver Canucks med 3\u20130.<\/p>\n<p class=\"hyperion-css-1v9qo5x\">Mika Zibanejad var center i f\u00f6rstakedjan mellan forwards Artemi Panarin och Alexis Lafreniere<\/p>\n<p class=\"hyperion-css-1v9qo5x\">Han sk\u00f6t tv\u00e5 skott p\u00e5 m\u00e5l, hade 22.15 minuter i speltid och vann 42,9 procent av tekningarna (sex av 14).<\/p>\n<p>\u00d6hgren i nya klubben<\/p>\n<p class=\"hyperion-css-1v9qo5x\">Det var sj\u00e4tte matchen den h\u00e4r s\u00e4songen som New York Rangers blev nollat p\u00e5 hemma p\u00e5 Manhattan.<\/p>\n<p class=\"hyperion-css-1v9qo5x\">Liam \u00d6hgren gjorde andra m\u00e5let f\u00f6r Vancouver Canucks framspelad av Linus Karlsson.<\/p>\n<p class=\"hyperion-css-1v9qo5x\">Den 21-\u00e5rige forwarden var med i monstertrejden i helgen n\u00e4r Quinn Hughes gick till Minnesota Wild, han gjorde sin andra match f\u00f6r sin nya klubb och sitt f\u00f6rsta m\u00e5l f\u00f6r s\u00e4songen.<\/p>\n<p class=\"hyperion-css-1v9qo5x\">Backen Elias Pettersson II hade ocks\u00e5 en assist till f\u00f6rsta m\u00e5let av Evander Kane.<\/p>\n<p class=\"hyperion-css-1v9qo5x\">Totalt var det sex svenskar i British Columbia-klubben utan skadade centern Elias Pettersson.<\/p>\n<p class=\"hyperion-css-1v9qo5x\">Liam \u00d6hgren blev ocks\u00e5 utsedd till matchens third star.<\/p>\n<p><img decoding=\"async\" src=\"https:\/\/www.europesays.com\/se\/wp-content\/uploads\/2025\/11\/1764225915_271_eabd394586bf185d20122ba5982a1fd5.jpg\" class=\"thumbnail-image_fbfd\" alt=\"Avsnitt 524 \u2013 Tar ut OS-lagen f\u00f6r Kanada &amp; USA\"\/><\/p>\n<p>Avsnitt 524 \u2013 Tar ut OS-lagen f\u00f6r Kanada &amp; USA<\/p>\n<p>1:16:44<\/p>\n<p class=\"hyperion-css-1v9qo5x\">Annons<br \/><strong><a aria-label=\"Streama hela SHL-s\u00e4songen p\u00e5 TV4 Play\" class=\"sportbladet hyperion-css-15jkft9\" href=\"https:\/\/www.tv4play.se\/kampanj\/sportbladet?utm_source=salj&amp;utm_medium=paid&amp;utm_campaign=artikel_2025\" rel=\"noopener nofollow noreferrer\" data-test-tag=\"external-link\" target=\"_blank\">Streama hela SHL-s\u00e4songen p\u00e5 TV4 Play<\/a><\/strong><\/p>\n<p>H\u00e4ndelserInb\u00f6rdes m\u00f6ten5 senasteTabell<\/p>\n","protected":false},"excerpt":{"rendered":"Uppdaterad 07.49 | Publicerad 06.47 share-arrowDela unsaveSpara Lyssna p\u00e5 artikelnLyssna p\u00e5&#8230; Mika Zibanejad var tillbaka efter att ha&hellip;\n","protected":false},"author":2,"featured_media":108511,"comment_status":"","ping_status":"","sticky":false,"template":"","format":"standard","meta":{"footnotes":""},"categories":[5],"tags":[22,23,26,27,17,21,24,25,28,29,15,16,18,34,31,33,32,30,19,20],"class_list":{"0":"post-108510","1":"post","2":"type-post","3":"status-publish","4":"format-standard","5":"has-post-thumbnail","7":"category-rubriker","8":"tag-breaking-news","9":"tag-breakingnews","10":"tag-featured-news","11":"tag-featurednews","12":"tag-headlines","13":"tag-huvudnyheter","14":"tag-latest-news","15":"tag-latestnews","16":"tag-main-news","17":"tag-mainnews","18":"tag-news","19":"tag-nyheter","20":"tag-rubriker","21":"tag-se","22":"tag-svenska","23":"tag-sverige","24":"tag-sweden","25":"tag-swedish","26":"tag-top-stories","27":"tag-topstories"},"share_on_mastodon":{"url":"https:\/\/pubeurope.com\/@se\/115733586657311067","error":""},"_links":{"self":[{"href":"https:\/\/www.europesays.com\/se\/wp-json\/wp\/v2\/posts\/108510","targetHints":{"allow":["GET"]}}],"collection":[{"href":"https:\/\/www.europesays.com\/se\/wp-json\/wp\/v2\/posts"}],"about":[{"href":"https:\/\/www.europesays.com\/se\/wp-json\/wp\/v2\/types\/post"}],"author":[{"embeddable":true,"href":"https:\/\/www.europesays.com\/se\/wp-json\/wp\/v2\/users\/2"}],"replies":[{"embeddable":true,"href":"https:\/\/www.europesays.com\/se\/wp-json\/wp\/v2\/comments?post=108510"}],"version-history":[{"count":0,"href":"https:\/\/www.europesays.com\/se\/wp-json\/wp\/v2\/posts\/108510\/revisions"}],"wp:featuredmedia":[{"embeddable":true,"href":"https:\/\/www.europesays.com\/se\/wp-json\/wp\/v2\/media\/108511"}],"wp:attachment":[{"href":"https:\/\/www.europesays.com\/se\/wp-json\/wp\/v2\/media?parent=108510"}],"wp:term":[{"taxonomy":"category","embeddable":true,"href":"https:\/\/www.europesays.com\/se\/wp-json\/wp\/v2\/categories?post=108510"},{"taxonomy":"post_tag","embeddable":true,"href":"https:\/\/www.europesays.com\/se\/wp-json\/wp\/v2\/tags?post=108510"}],"curies":[{"name":"wp","href":"https:\/\/api.w.org\/{rel}","templated":true}]}}