{"id":108524,"date":"2025-12-17T07:06:14","date_gmt":"2025-12-17T07:06:14","guid":{"rendered":"https:\/\/www.europesays.com\/se\/108524\/"},"modified":"2025-12-17T07:06:14","modified_gmt":"2025-12-17T07:06:14","slug":"ombyggnationen-av-vasagatan-och-vasastrand-klar-gronare-tryggare-och-mer-tillganglig-miljo-vid-svartan","status":"publish","type":"post","link":"https:\/\/www.europesays.com\/se\/108524\/","title":{"rendered":"Ombyggnationen av Vasagatan och Vasastrand klar \u2013 gr\u00f6nare, tryggare och mer tillg\u00e4nglig milj\u00f6 vid Svart\u00e5n"},"content":{"rendered":"<p class=\"normal\">\u2013 Att promenera l\u00e4ngs \u00e5n \u00e4r en av \u00d6rebros finaste kvaliteter, s\u00e4ger Anne Hernandez Pettersson, Stadsmilj\u00f6strateg. Oavsett om du bor h\u00e4r, bes\u00f6ker Kulturkvarteret, hotellet, Vasakyrkan eller bara g\u00e5r en hundpromenad, ska Vasastrand vara en plats d\u00e4r du kan stanna upp och ta en kort paus i en trivsam utemilj\u00f6.<\/p>\n<p>Nytt promenadstr\u00e5k l\u00e4ngs Svart\u00e5n<\/p>\n<p class=\"normal\">Vid Vasastrand har \u00c5str\u00e5ket f\u00f6rl\u00e4ngts med ett helt nytt g\u00e5ngstr\u00e5k l\u00e4ngs vattnet. H\u00e4r finns nyplanterade tr\u00e4d och gr\u00f6nska, ett mindre tr\u00e4d\u00e4ck i soll\u00e4ge samt ny energieffektiv belysning f\u00f6r trygghet \u00e4ven kv\u00e4llstid. Vasastrand \u00e4r ocks\u00e5 ett cykelstr\u00e5k och kommer att samsas med \u00f6vrig fordonstrafik. F\u00f6r att underl\u00e4tta fl\u00f6dena \u00f6ppnas ett nytt sv\u00e4ngf\u00e4lt f\u00f6r bilar och st\u00f6rre fordon h\u00f6ger ut till \u00d6stra Bangatan.<\/p>\n<p class=\"normal\">I anslutning till Vasakyrkan skapas ett g\u00e5ngfartsomr\u00e5de d\u00e4r personer med r\u00f6relsehinder och f\u00e4rdtj\u00e4nst kan stanna till. Str\u00e5ket har \u00e4ven planteringar som f\u00e5r v\u00e4xa naturligt och kr\u00e4ver mindre sk\u00f6tsel. Under v\u00e5ren kompletteras omr\u00e5det med fler v\u00e4xter f\u00f6r att f\u00f6rst\u00e4rka gr\u00f6nskan och tydligg\u00f6ra strandkantens utformning mot vattnet. Gr\u00f6na ytor l\u00e4ngs strandkanten bidrar till renare vatten i Svart\u00e5n.<\/p>\n<p class=\"normal\">Ombyggnaden handlar inte bara om gr\u00f6nska och vistelse, utan \u00e4r ocks\u00e5 en del av stadens l\u00e5ngsiktiga utveckling.<\/p>\n<p class=\"normal\">\u2013 \u00d6rebro v\u00e4xer, d\u00e5 ska infrastrukturen h\u00e5lla. Nu \u00e4r Vasagatan och Vasastrand f\u00f6rberedda f\u00f6r kommande hotell, fler bes\u00f6kare och ett mer levande city, s\u00e4ger Kemal Hoso (S), ordf\u00f6rande i Markplanerings- och exploateringsn\u00e4mnden.<\/p>\n<p>Vasagatan \u2013 bredare trottoar, belysning, gr\u00f6na inslag och nya VA-ledningar<\/p>\n<p class=\"normal\">Vasagatan har anpassats f\u00f6r Citylinjen med bredare trottoar, ny belysning och m\u00f6jlighet till plantering. \u00c4ven vatten- och avloppsledningarna har bytts ut. Infrastrukturen f\u00f6r hotellbygget finns nu p\u00e5 plats vilket inneb\u00e4r att b\u00e5de Vasagatan och Vasastrand \u00e4r f\u00f6rberedda f\u00f6r kommande bebyggelse, transporter och \u00f6kad r\u00f6relse i omr\u00e5det.<\/p>\n<p class=\"normal\">\u2013 Vi har l\u00f6st m\u00e5nga fr\u00e5gor samtidigt, det har varit ett komplext arbete som kr\u00e4vt mycket samordning, s\u00e4ger Caroline Hellund, projektledare, \u00d6rebro kommun. Samarbetet med verksamheter, boende och entrepren\u00f6rer har fungerat bra.<\/p>\n<p>Tidigare orgelfabrik har inspirerat utformning<\/p>\n<p class=\"normal\">Platsens historia har f\u00e5tt ta plats i utformningen. H\u00e4r l\u00e5g tidigare den v\u00e4lk\u00e4nda orgelfabriken som ocks\u00e5 gav namn \u00e5t kvarteret. Det syns nu i detaljer som utformningen av tr\u00e4d\u00e4ckets r\u00e4cke som \u00e4r inspirerat av orgelpipor och notlinjer. Markbel\u00e4ggningen \u00e4r utformad med ett m\u00f6nster inspirerat av orgelpipor.<\/p>\n<p>Mer information<\/p>\n<p class=\"normal\"><a href=\"https:\/\/www.orebro.se\/bygga-bo--trafik\/vatten--avlopp\/pagaende-och-planerade-vatten---avloppsarbeten\/-\/lista\/2024-02-26-vasagatan-och-vasastrand-ombyggnation-och-byte-av-va-ledningar.html\" rel=\"nofollow noopener\" target=\"_blank\">Vasagatan och Vasastrand, ombyggnation och byte av VA-ledningar.<\/a><\/p>\n<p class=\"normal\"><a href=\"https:\/\/www.orebro.se\/nyheter\/nyheter\/2025-04-30-nytt-promenadstrak-ny-belysning-och-gronare-stadsmiljo-pa-vasagatan-och-vasastrand.html\" rel=\"nofollow noopener\" target=\"_blank\">Nytt promenadstr\u00e5k, ny belysning och gr\u00f6nare stadsmilj\u00f6 p\u00e5 Vasagatan och Vasastrand.<\/a><\/p>\n","protected":false},"excerpt":{"rendered":"\u2013 Att promenera l\u00e4ngs \u00e5n \u00e4r en av \u00d6rebros finaste kvaliteter, s\u00e4ger Anne Hernandez Pettersson, Stadsmilj\u00f6strateg. Oavsett om&hellip;\n","protected":false},"author":2,"featured_media":108525,"comment_status":"","ping_status":"","sticky":false,"template":"","format":"standard","meta":{"footnotes":""},"categories":[12],"tags":[12078,22,23,26,27,17,21,24,25,28,29,15,16,18,34,31,33,32,30,19,20,4413,12079,12077],"class_list":{"0":"post-108524","1":"post","2":"type-post","3":"status-publish","4":"format-standard","5":"has-post-thumbnail","7":"category-sverige","8":"tag-astraket","9":"tag-breaking-news","10":"tag-breakingnews","11":"tag-featured-news","12":"tag-featurednews","13":"tag-headlines","14":"tag-huvudnyheter","15":"tag-latest-news","16":"tag-latestnews","17":"tag-main-news","18":"tag-mainnews","19":"tag-news","20":"tag-nyheter","21":"tag-rubriker","22":"tag-se","23":"tag-svenska","24":"tag-sverige","25":"tag-sweden","26":"tag-swedish","27":"tag-top-stories","28":"tag-topstories","29":"tag-va","30":"tag-vasagatan","31":"tag-vasastrand"},"share_on_mastodon":{"url":"https:\/\/pubeurope.com\/@se\/115733645492781828","error":""},"_links":{"self":[{"href":"https:\/\/www.europesays.com\/se\/wp-json\/wp\/v2\/posts\/108524","targetHints":{"allow":["GET"]}}],"collection":[{"href":"https:\/\/www.europesays.com\/se\/wp-json\/wp\/v2\/posts"}],"about":[{"href":"https:\/\/www.europesays.com\/se\/wp-json\/wp\/v2\/types\/post"}],"author":[{"embeddable":true,"href":"https:\/\/www.europesays.com\/se\/wp-json\/wp\/v2\/users\/2"}],"replies":[{"embeddable":true,"href":"https:\/\/www.europesays.com\/se\/wp-json\/wp\/v2\/comments?post=108524"}],"version-history":[{"count":0,"href":"https:\/\/www.europesays.com\/se\/wp-json\/wp\/v2\/posts\/108524\/revisions"}],"wp:featuredmedia":[{"embeddable":true,"href":"https:\/\/www.europesays.com\/se\/wp-json\/wp\/v2\/media\/108525"}],"wp:attachment":[{"href":"https:\/\/www.europesays.com\/se\/wp-json\/wp\/v2\/media?parent=108524"}],"wp:term":[{"taxonomy":"category","embeddable":true,"href":"https:\/\/www.europesays.com\/se\/wp-json\/wp\/v2\/categories?post=108524"},{"taxonomy":"post_tag","embeddable":true,"href":"https:\/\/www.europesays.com\/se\/wp-json\/wp\/v2\/tags?post=108524"}],"curies":[{"name":"wp","href":"https:\/\/api.w.org\/{rel}","templated":true}]}}