{"id":108526,"date":"2025-12-17T07:07:28","date_gmt":"2025-12-17T07:07:28","guid":{"rendered":"https:\/\/www.europesays.com\/se\/108526\/"},"modified":"2025-12-17T07:07:28","modified_gmt":"2025-12-17T07:07:28","slug":"lrf-deltar-i-protesterna-varfor-just-nu","status":"publish","type":"post","link":"https:\/\/www.europesays.com\/se\/108526\/","title":{"rendered":"LRF deltar i protesterna \u2013 Varf\u00f6r just nu?"},"content":{"rendered":"<p>&#13;<br \/>\n                                            &#13;<\/p>\n<p class=\"summary\"><strong><\/p>\n<p>Enligt Palle Borgstr\u00f6m, f\u00f6rbundsordf\u00f6rande LRF finns det flera anledningar till att LRF v\u00e4ljer att delta i demonstrationerna i Bryssel denna g\u00e5ng.<\/p>\n<p>&#13;<br \/>\n<\/strong><\/p>\n<p>&#13;<br \/>\n                                            <img decoding=\"async\" alt=\"\" src=\"https:\/\/www.europesays.com\/se\/wp-content\/uploads\/2025\/12\/1765955247_103_getimage.aspx\"\/>&#13;<br \/>\nP\u00e5 torsdag v\u00e4ntas 10 000 b\u00f6nder \u00e5ka till Bryssel f\u00f6r att delta i demonstrationerna. Foto: Mostphotos&#13;<br \/>\n&#13;<br \/>\n&#13;<\/p>\n<p>I gruppen Spannm\u00e5lsb\u00f6nderna p\u00e5 Facebook p\u00e5g\u00e5r just nu en debatt efter att medlemmen och spannm\u00e5lsodlaren Erik Sundell riktar en fr\u00e5gar hur det kommer sig att LRF v\u00e4ljer att delta i bondeprotesterna i Bryssel som planeras nu p\u00e5 torsdag, den 18 december.<\/p>\n<p>&#13;<br \/>\n&#13;<br \/>\n<img decoding=\"async\" alt=\"\" src=\"https:\/\/www.europesays.com\/se\/wp-content\/uploads\/2025\/12\/1765955247_938_getimage.aspx\"\/>&#13;<br \/>\nErik Sundell, spannm\u00e5lsodlare. Foto: Privat&#13;<br \/>\n&#13;<br \/>\n&#13;<\/p>\n<p>\u201dI april 2024 skrev LRF:s ordf\u00f6rande att det inte alltid \u00e4r EU:s fel och betonade dialog och p\u00e5verkan i Bryssel. Protester var inget svenskt verktyg. Sverige blev lyssnat p\u00e5. Nu i december k\u00f6r LRF traktorer till Bryssel. V\u00e4xtodlingen har haft svag l\u00f6nsamhet i flera \u00e5r med \u00f6kade kostnader h\u00e5rdare regler och pressade priser. D\u00e5 var det relativt tyst. N\u00e4r mj\u00f6lkpriset nu s\u00e4nks och djurh\u00e5llningen hamnar i akut l\u00e4ge d\u00e5 vaknar organisationen. Det h\u00e4r handlar inte om att st\u00e4lla n\u00e4ringar mot varandra utan om trov\u00e4rdighet. Spannm\u00e5lsodlare \u00e4r ocks\u00e5 f\u00f6retagare inte systemets st\u00f6td\u00e4mpare.<br \/>&#13;<br \/>\nDet \u00e4r rimligt att st\u00e4lla fr\u00e5gan varf\u00f6r detta inte togs p\u00e5 samma allvar tidigare? Undrar \u00e5t en v\u00e4n \ud83d\ude43\u201d, skriver Erik.<\/p>\n<p>&#13;<br \/>\n&#13;<br \/>\nGer svar p\u00e5 fr\u00e5gan:&#13;<br \/>\n&#13;<\/p>\n<p>Och\u00a0LRF:s f\u00f6rbundsordf\u00f6rande Palle Borgstr\u00f6m svarar p\u00e5 fr\u00e5gan l\u00e4ngre ner i samma tr\u00e5d. Han svarar bland annat att anledningen till att LRF \u00e4r med i demonstrationen nu men inte 2024, inte har n\u00e5got med pristrenden p\u00e5 spannm\u00e5l eller mj\u00f6lk att g\u00f6ra. Men att det den h\u00e4r g\u00e5ngen finns flera sk\u00e4l knutna till v\u00e4xtodlingsjordbruket.<\/p>\n<p>&#13;<br \/>\n&#13;<\/p>\n<p>Han skriver \u00e4ven att protesterna 2024 startade i flera medlemsl\u00e4nder av olika sk\u00e4l.<\/p>\n<p>&#13;<br \/>\n&#13;<br \/>\n<img decoding=\"async\" alt=\"\" src=\"https:\/\/www.europesays.com\/se\/wp-content\/uploads\/2025\/12\/1765955248_323_getimage.aspx\"\/>&#13;<br \/>\nPalle Borgstr\u00f6m, LRF:s f\u00f6rbundsordf\u00f6rande. Foto: Carolina Wahlberg&#13;<br \/>\n&#13;<br \/>\n&#13;<\/p>\n<p>\u201dI Tyskland blev den t\u00e4ndande gnistan att regeringen utan f\u00f6rvarning tog bort \u00e5terbetalningen av dieselskatt. I Frankrike och Belgien blev b\u00f6nderna arga p\u00e5 sk\u00e4rpta milj\u00f6regler och andra f\u00f6rs\u00e4mringar. I Nederl\u00e4nderna triggades protesterna av en lantbruksfientlig politik d\u00e4r staten bland annat k\u00f6per upp och l\u00e4gger ner lantbruk. D\u00e4rf\u00f6r min kommentar om att allt inte var EUs fel. Protesterna startade i de flesta l\u00e4nder av mindre frist\u00e5ende organisationer och det var dem som tog protesterna till Bryssel. Eftersom vi inte var med och ordnade protesterna var vi heller inte med p\u00e5 t\u00e5get.\u201d skriver Palle men menar att det \u00e4r annorlunda den h\u00e4r g\u00e5ngen:<\/p>\n<p>&#13;<br \/>\n&#13;<\/p>\n<p>\u201dNu har vi ett f\u00f6rslag fr\u00e5n kommissionen p\u00e5 n\u00e4sta CAP och hur den ska finansieras som inneb\u00e4r stora minskningar, 20-25 procent av finansieringen. Men ocks\u00e5 f\u00f6r\u00e4ndringar med nedtrappning och takbelopp p\u00e5 areals\u00e4ttningen. B\u00e5da f\u00f6rslagen sl\u00e5r h\u00e5rt p\u00e5 v\u00e4xtodlingsg\u00e5rdar.\u201d<\/p>\n<p>&#13;<br \/>\n&#13;<\/p>\n<p>Samtidigt som Kommissionen f\u00f6resl\u00e5r f\u00f6rs\u00e4mringar inom CAP s\u00e5 \u00f6kar man enligt Palle samtidigt importen till EU, via handelsavtal som exempelvis Mercosur, av produkter som \u00e4r producerade under helt andra villkor och till l\u00e4gre kostnad \u00e4n vad EU:s lantbrukare till\u00e5ts producerat till. Exempelvis socker, etanol och n\u00f6tk\u00f6tt. Enligt Palle drabbas v\u00e4xtodlingen \u00e4ven av detta. Men \u00e4ven de f\u00f6r\u00e4ndringar som inf\u00f6rts eller f\u00f6resl\u00e5s av kommissionen g\u00e4llande handelsg\u00f6dsel, samt n\u00e4sta \u00e5rs inf\u00f6rsel av klimatavgiften CBAM som kommer driva upp priset ytterligare.<\/p>\n<p>&#13;<br \/>\n&#13;<\/p>\n<p>\u201dResultatet av demonstrationerna 2024 blev n\u00e5gra uttalanden fr\u00e5n Von der Leyen om att jordbruket \u00e4r en viktig strategisk resurs f\u00f6r hela EU. Men nu n\u00e4r Kommissionen inte f\u00f6ljer upp med konkreta f\u00f6rb\u00e4ttrings\u00e5tg\u00e4rder, utan i st\u00e4llet levererar f\u00f6rs\u00e4mringar. D\u00e5 \u00e4r det dags f\u00f6r b\u00e5de Copa Cogeca och LRF att h\u00f6ja r\u00f6sten. Och det g\u00f6r vi p\u00e5 torsdag. 10\u00a0000 b\u00f6nder kommer att t\u00e5ga igenom gatorna i Bryssel.\u201d skriver Palle.<\/p>\n<p>&#13;<br \/>\n&#13;<br \/>\n&#13;<br \/>\n&#13;<br \/>\n&#13;<\/p>\n<p>\u00a0<\/p>\n<p>&#13;<br \/>\n&#13;<\/p>\n<p>Artikeln publicerades tisdag den 16 december 2025<\/p>\n<p>&#13;<\/p>\n<p>&#13;<br \/>\n                                               &#8211; -&#13;<br \/>\n                                               -&#13;\n                                            <\/p>\n<p>&#13;<\/p>\n","protected":false},"excerpt":{"rendered":"&#13; &#13; Enligt Palle Borgstr\u00f6m, f\u00f6rbundsordf\u00f6rande LRF finns det flera anledningar till att LRF v\u00e4ljer att delta i&hellip;\n","protected":false},"author":2,"featured_media":108527,"comment_status":"","ping_status":"","sticky":false,"template":"","format":"standard","meta":{"footnotes":""},"categories":[5],"tags":[22,23,26,27,17,21,24,25,28,29,15,16,18,34,31,33,32,30,19,20],"class_list":{"0":"post-108526","1":"post","2":"type-post","3":"status-publish","4":"format-standard","5":"has-post-thumbnail","7":"category-rubriker","8":"tag-breaking-news","9":"tag-breakingnews","10":"tag-featured-news","11":"tag-featurednews","12":"tag-headlines","13":"tag-huvudnyheter","14":"tag-latest-news","15":"tag-latestnews","16":"tag-main-news","17":"tag-mainnews","18":"tag-news","19":"tag-nyheter","20":"tag-rubriker","21":"tag-se","22":"tag-svenska","23":"tag-sverige","24":"tag-sweden","25":"tag-swedish","26":"tag-top-stories","27":"tag-topstories"},"share_on_mastodon":{"url":"https:\/\/pubeurope.com\/@se\/115733649710405177","error":""},"_links":{"self":[{"href":"https:\/\/www.europesays.com\/se\/wp-json\/wp\/v2\/posts\/108526","targetHints":{"allow":["GET"]}}],"collection":[{"href":"https:\/\/www.europesays.com\/se\/wp-json\/wp\/v2\/posts"}],"about":[{"href":"https:\/\/www.europesays.com\/se\/wp-json\/wp\/v2\/types\/post"}],"author":[{"embeddable":true,"href":"https:\/\/www.europesays.com\/se\/wp-json\/wp\/v2\/users\/2"}],"replies":[{"embeddable":true,"href":"https:\/\/www.europesays.com\/se\/wp-json\/wp\/v2\/comments?post=108526"}],"version-history":[{"count":0,"href":"https:\/\/www.europesays.com\/se\/wp-json\/wp\/v2\/posts\/108526\/revisions"}],"wp:featuredmedia":[{"embeddable":true,"href":"https:\/\/www.europesays.com\/se\/wp-json\/wp\/v2\/media\/108527"}],"wp:attachment":[{"href":"https:\/\/www.europesays.com\/se\/wp-json\/wp\/v2\/media?parent=108526"}],"wp:term":[{"taxonomy":"category","embeddable":true,"href":"https:\/\/www.europesays.com\/se\/wp-json\/wp\/v2\/categories?post=108526"},{"taxonomy":"post_tag","embeddable":true,"href":"https:\/\/www.europesays.com\/se\/wp-json\/wp\/v2\/tags?post=108526"}],"curies":[{"name":"wp","href":"https:\/\/api.w.org\/{rel}","templated":true}]}}