{"id":108535,"date":"2025-12-17T07:15:14","date_gmt":"2025-12-17T07:15:14","guid":{"rendered":"https:\/\/www.europesays.com\/se\/108535\/"},"modified":"2025-12-17T07:15:14","modified_gmt":"2025-12-17T07:15:14","slug":"trumps-stabschef-i-frisprakig-intervju","status":"publish","type":"post","link":"https:\/\/www.europesays.com\/se\/108535\/","title":{"rendered":"Trumps stabschef i frispr\u00e5kig intervju"},"content":{"rendered":"<p class=\"boxtextgrotesk-root_baa6 hyperion-css-7pajle\">Publicerad 2025-12-16 21.56<\/p>\n<p>share-arrowDela<\/p>\n<p>unsaveSpara<\/p>\n<p>expand-left<\/p>\n<p>helsk\u00e4rm<img decoding=\"async\" class=\"image-asset hyperion-css-u06ts1\" data-test-tag=\"image-asset\" src=\"https:\/\/www.europesays.com\/se\/wp-content\/uploads\/2025\/12\/670ae9a1-8db5-463f-878a-3956c4da6502\"  alt=\"Vita husets stabschef Susie Wiles. Arkivbild.\"  loading=\"eager\" fetchpriority=\"high\" style=\"aspect-ratio:1900 \/ 1357\"\/>Vita husets stabschef Susie Wiles. Arkivbild. Foto: Alex Brandon\/AP\/TT<\/p>\n<p class=\"hyperion-css-1shl3oz\" data-test-tag=\"lead-text\">Donald Trumps stabschef Susie Wiles f\u00e4ller of\u00f6rt\u00e4ckta kommentarer om sin chef och andra personer i presidentens n\u00e4rhet i en serie intervjuer som v\u00e4cker stor uppm\u00e4rksamhet i Washington.<\/p>\n<p class=\"hyperion-css-1v9qo5x\">Wiles s\u00e4ger bland annat att nykteristen Trump har en \u201dalkoholists personlighet\u201d, med syfte p\u00e5 att han anser att \u201ddet inte finns n\u00e5gonting han inte klarar av\u201d.<\/p>\n<p class=\"hyperion-css-1v9qo5x\">Hon beskriver ocks\u00e5 vicepresident JD Vance som en \u201dkonspirationsteoretiker\u201d, Tesla\u00e4garen och Trumps tidigare medarbetare Elon Musk som en \u201dudda f\u00e5gel\u201d och kritiserar justitieminister Pam Bondis hantering av dokumenten fr\u00e5n utredningen mot den d\u00f6de sexf\u00f6rbrytaren Jeffrey Epstein.<\/p>\n<p class=\"hyperion-css-1v9qo5x\">Samtidigt ber\u00f6mmer hon presidenten och flera av hans n\u00e4rmaste m\u00e4n.<\/p>\n<p class=\"hyperion-css-1v9qo5x\">Kommentarerna publiceras i en artikel i Vanity Fair som bygger p\u00e5 flera intervjuer som journalisten Chris Whipple gjort med Wiles under \u00e5ret.<\/p>\n<p class=\"hyperion-css-1v9qo5x\">Wiles beskriver, i ett inl\u00e4gg p\u00e5 sociala medier, artikeln som en \u201do\u00e4rlig\u201d framst\u00e4llning d\u00e5 \u201dviktig kontext\u201d fr\u00e5n samtalen utel\u00e4mnats. Hon avf\u00e4rdar dock inte citaten som falska.<\/p>\n","protected":false},"excerpt":{"rendered":"Publicerad 2025-12-16 21.56 share-arrowDela unsaveSpara expand-left helsk\u00e4rmVita husets stabschef Susie Wiles. Arkivbild. Foto: Alex Brandon\/AP\/TT Donald Trumps stabschef&hellip;\n","protected":false},"author":2,"featured_media":108536,"comment_status":"","ping_status":"","sticky":false,"template":"","format":"standard","meta":{"footnotes":""},"categories":[5],"tags":[22,23,26,27,17,21,24,25,28,29,15,16,18,34,31,33,32,30,19,20],"class_list":{"0":"post-108535","1":"post","2":"type-post","3":"status-publish","4":"format-standard","5":"has-post-thumbnail","7":"category-rubriker","8":"tag-breaking-news","9":"tag-breakingnews","10":"tag-featured-news","11":"tag-featurednews","12":"tag-headlines","13":"tag-huvudnyheter","14":"tag-latest-news","15":"tag-latestnews","16":"tag-main-news","17":"tag-mainnews","18":"tag-news","19":"tag-nyheter","20":"tag-rubriker","21":"tag-se","22":"tag-svenska","23":"tag-sverige","24":"tag-sweden","25":"tag-swedish","26":"tag-top-stories","27":"tag-topstories"},"share_on_mastodon":{"url":"https:\/\/pubeurope.com\/@se\/115733681073467993","error":""},"_links":{"self":[{"href":"https:\/\/www.europesays.com\/se\/wp-json\/wp\/v2\/posts\/108535","targetHints":{"allow":["GET"]}}],"collection":[{"href":"https:\/\/www.europesays.com\/se\/wp-json\/wp\/v2\/posts"}],"about":[{"href":"https:\/\/www.europesays.com\/se\/wp-json\/wp\/v2\/types\/post"}],"author":[{"embeddable":true,"href":"https:\/\/www.europesays.com\/se\/wp-json\/wp\/v2\/users\/2"}],"replies":[{"embeddable":true,"href":"https:\/\/www.europesays.com\/se\/wp-json\/wp\/v2\/comments?post=108535"}],"version-history":[{"count":0,"href":"https:\/\/www.europesays.com\/se\/wp-json\/wp\/v2\/posts\/108535\/revisions"}],"wp:featuredmedia":[{"embeddable":true,"href":"https:\/\/www.europesays.com\/se\/wp-json\/wp\/v2\/media\/108536"}],"wp:attachment":[{"href":"https:\/\/www.europesays.com\/se\/wp-json\/wp\/v2\/media?parent=108535"}],"wp:term":[{"taxonomy":"category","embeddable":true,"href":"https:\/\/www.europesays.com\/se\/wp-json\/wp\/v2\/categories?post=108535"},{"taxonomy":"post_tag","embeddable":true,"href":"https:\/\/www.europesays.com\/se\/wp-json\/wp\/v2\/tags?post=108535"}],"curies":[{"name":"wp","href":"https:\/\/api.w.org\/{rel}","templated":true}]}}