{"id":108547,"date":"2025-12-17T07:23:10","date_gmt":"2025-12-17T07:23:10","guid":{"rendered":"https:\/\/www.europesays.com\/se\/108547\/"},"modified":"2025-12-17T07:23:10","modified_gmt":"2025-12-17T07:23:10","slug":"husdjur-lego-och-tid-tillsammans-det-har-onskar-sig-svenskarna-i-julklapp","status":"publish","type":"post","link":"https:\/\/www.europesays.com\/se\/108547\/","title":{"rendered":"Husdjur, lego och tid tillsammans \u2013 det h\u00e4r \u00f6nskar sig svenskarna i julklapp"},"content":{"rendered":"<p>                            <img decoding=\"async\" src=\"https:\/\/www.europesays.com\/se\/wp-content\/uploads\/2025\/12\/4ddc7dae-39bc-4c4d-bd94-8c2edd978896-w_643_h_430_crop.png\" alt=\"Vad \u00f6nskar sig egentligen svenskarna i julklapp? G\u00e5voexperten har svaret!\" class=\"w-full aspect-3\/2 object-cover mt-24 desk:mt-64 mb-24 desk:mb-64\"\/><\/p>\n<p>Att k\u00f6pa julklappar \u00e4r inte alltid l\u00e4tt. Vad ger man egentligen till den som redan har allt? Och hur ser man till att presenten man k\u00f6per inte l\u00e4mnas tillbaka i mellandagarna?<\/p>\n<p>Svensk Handel har fr\u00e5gat svenska konsumenter i \u00e5ldrarna 18\u201384 \u00e5r vad man \u00f6nskar sig till jul, och det \u00e4r tydligt att \u00f6nskningarna varierar beroende p\u00e5 vart i livet man befinner sig. Barn \u00f6nskar sig framf\u00f6r allt leksaker och prylar, unga vuxna vill fixa i hemmet och uppleva saker, och \u00e4ldre \u00f6nskar sig mer tid, lugn och gemenskap.<\/p>\n<p>\u2013 Vi hoppas att listorna vi nu presenterar ska ge hj\u00e4lp p\u00e5 traven till alla de m\u00e4nniskor som runt om i landet \u00e4nnu inte handlat alla sina julklappar. Men som alltid n\u00e4r det g\u00e4ller g\u00e5vor, s\u00e5 \u00e4r det viktigt att faktiskt k\u00f6pa n\u00e5got betydelsefullt. Utg\u00e5 alltid fr\u00e5n mottagaren och inte dig sj\u00e4lv n\u00e4r du st\u00e5r i aff\u00e4ren, s\u00e4ger Svensk Handels g\u00e5voexpert, Brill Ivarsson, och forts\u00e4tter:<\/p>\n<p>\u2013 Om det \u00e4r n\u00e5gonting jag vill f\u00f6rmedla s\u00e5 \u00e4r det att julklappar inte handlar om att k\u00f6pa den dyraste presenten. Tv\u00e4rtom s\u00e5 visar unders\u00f6kningen att m\u00e5nga m\u00e4nniskors \u00f6nskningar i princip \u00e4r gratis. Lugn och ro, tid med familjen eller en gemensam spelkv\u00e4ll kan vara v\u00e4rt betydligt mer \u00e4n ett dyrt paket under granen.<\/p>\n<p>Svenskarnas \u00f6nskelista inf\u00f6r jul<\/p>\n<p><strong>Barn 0 till 5 \u00e5r<\/strong><strong>:<br \/>Leksaksfordon<br \/>Husdjur<br \/>Gosedjur<br \/>Lego\/Duplo<br \/>Docka\/Dockhus<\/strong><\/p>\n<p>Barn 6 till 11 \u00e5r: <br \/>Lego<br \/>Smarta prylar<br \/>Sportrelaterat<br \/>Leksaksfordon<br \/>Kl\u00e4der<\/p>\n<p><strong>Barn 12 till 17 \u00e5r<\/strong><strong>:<br \/>Pengar<br \/>Kl\u00e4der<br \/>Musikrelaterat<br \/>Mobiltelefon\/H\u00f6rlurar<br \/>Smink och sk\u00f6nhetsprodukter<br \/><\/strong><\/p>\n<p><strong>Vuxna 18 till 34 \u00e5r<\/strong><strong>:<br \/>Heminredning<br \/>Pengar<br \/>Mode<br \/>B\u00f6cker<br \/>Elektronik<\/strong><\/p>\n<p><strong>Vuxna 35 till 49 \u00e5r:<br \/>Heminredning<br \/>Mode<br \/>Lugn och ro<br \/>Upplevelser<br \/>Tr\u00e4ningsprylar<\/strong><\/p>\n<p>Vuxna 50 till 64 \u00e5r:<br \/>Fred p\u00e5 jorden<br \/>Lugn och ro<br \/>Upplevelser<br \/>Att familjen m\u00e5r bra<br \/>Pengar<\/p>\n<p>Vuxna 65 till 84 \u00e5r:<br \/>Fred p\u00e5 jorden<br \/>Att familjen m\u00e5r bra<br \/>Lugn och ro<br \/>B\u00f6cker<br \/>Tid med familjen<\/p>\n<p>Om unders\u00f6kningen<\/p>\n<p>Unders\u00f6kningen genomf\u00f6rdes mellan den 1 och 9 december 2025 och bygger p\u00e5 svar fr\u00e5n 2 056 personer i den svenska allm\u00e4nheten i \u00e5ldrarna 18\u201384 \u00e5r. Datainsamlingen skedde via webbintervjuer i Novus slumpm\u00e4ssigt rekryterade Sverigepanel, vilket s\u00e4kerst\u00e4ller representativa och generaliserbara resultat f\u00f6r m\u00e5lpopulationen. Resultaten har efterstratifierats och viktats mot k\u00e4nda populationstal f\u00f6r att korrigera eventuella skevheter i urvalet.<strong\/><\/p>\n","protected":false},"excerpt":{"rendered":"Att k\u00f6pa julklappar \u00e4r inte alltid l\u00e4tt. Vad ger man egentligen till den som redan har allt? Och&hellip;\n","protected":false},"author":2,"featured_media":108548,"comment_status":"","ping_status":"","sticky":false,"template":"","format":"standard","meta":{"footnotes":""},"categories":[5],"tags":[22,23,26,27,17,21,24,25,28,29,15,16,18,34,31,33,32,30,19,20],"class_list":{"0":"post-108547","1":"post","2":"type-post","3":"status-publish","4":"format-standard","5":"has-post-thumbnail","7":"category-rubriker","8":"tag-breaking-news","9":"tag-breakingnews","10":"tag-featured-news","11":"tag-featurednews","12":"tag-headlines","13":"tag-huvudnyheter","14":"tag-latest-news","15":"tag-latestnews","16":"tag-main-news","17":"tag-mainnews","18":"tag-news","19":"tag-nyheter","20":"tag-rubriker","21":"tag-se","22":"tag-svenska","23":"tag-sverige","24":"tag-sweden","25":"tag-swedish","26":"tag-top-stories","27":"tag-topstories"},"share_on_mastodon":{"url":"https:\/\/pubeurope.com\/@se\/115733712463043782","error":""},"_links":{"self":[{"href":"https:\/\/www.europesays.com\/se\/wp-json\/wp\/v2\/posts\/108547","targetHints":{"allow":["GET"]}}],"collection":[{"href":"https:\/\/www.europesays.com\/se\/wp-json\/wp\/v2\/posts"}],"about":[{"href":"https:\/\/www.europesays.com\/se\/wp-json\/wp\/v2\/types\/post"}],"author":[{"embeddable":true,"href":"https:\/\/www.europesays.com\/se\/wp-json\/wp\/v2\/users\/2"}],"replies":[{"embeddable":true,"href":"https:\/\/www.europesays.com\/se\/wp-json\/wp\/v2\/comments?post=108547"}],"version-history":[{"count":0,"href":"https:\/\/www.europesays.com\/se\/wp-json\/wp\/v2\/posts\/108547\/revisions"}],"wp:featuredmedia":[{"embeddable":true,"href":"https:\/\/www.europesays.com\/se\/wp-json\/wp\/v2\/media\/108548"}],"wp:attachment":[{"href":"https:\/\/www.europesays.com\/se\/wp-json\/wp\/v2\/media?parent=108547"}],"wp:term":[{"taxonomy":"category","embeddable":true,"href":"https:\/\/www.europesays.com\/se\/wp-json\/wp\/v2\/categories?post=108547"},{"taxonomy":"post_tag","embeddable":true,"href":"https:\/\/www.europesays.com\/se\/wp-json\/wp\/v2\/tags?post=108547"}],"curies":[{"name":"wp","href":"https:\/\/api.w.org\/{rel}","templated":true}]}}