{"id":108556,"date":"2025-12-17T07:31:14","date_gmt":"2025-12-17T07:31:14","guid":{"rendered":"https:\/\/www.europesays.com\/se\/108556\/"},"modified":"2025-12-17T07:31:14","modified_gmt":"2025-12-17T07:31:14","slug":"svag-tillvaxt-i-handeln-tidningen-naringslivet","status":"publish","type":"post","link":"https:\/\/www.europesays.com\/se\/108556\/","title":{"rendered":"Svag tillv\u00e4xt i handeln | Tidningen N\u00e4ringslivet"},"content":{"rendered":"<p>\t\t\t\t<img decoding=\"async\" class=\"figure-img img-fluid\"  src=\"https:\/\/www.europesays.com\/se\/wp-content\/uploads\/2025\/12\/1765956674_134_bilder.tn.se\" alt=\"\" itemprop=\"image\"\/><\/p>\n<p>\t\t\t\t\t\t\t\t\tF\u00f6rs\u00e4ljningen i dagligvaruhandeln \u00f6kar i november. Arkvibild.<br \/>\n\t\t\t\t\t\t\t\t\t\t\t\t\tBild:<br \/>\n\t\t\t\t\tAdam Ihse\/TT<\/p>\n<p class=\"ew-preamble\" itemprop=\"description\">F\u00f6rs\u00e4ljningen i dagligvaruhandeln \u00f6kade med 3,4 procent under november i \u00e5r, j\u00e4mf\u00f6rt med samma m\u00e5nad 2024.<\/p>\n<p>\n\t\tPublicerad:<br \/>\n\t\t17 dec 2025, 08:00\n\t<\/p>\n<p class=\"ew-body\">F\u00f6rs\u00e4ljningen i butik \u00f6kade 3,3 procent j\u00e4mf\u00f6rt med samma m\u00e5nad i fjol, medan f\u00f6rs\u00e4ljningen i e-handeln \u00f6kade med 4,4 procent.<\/p>\n<p class=\"ew-body\">\u00c4ven hemleverans \u00f6kade, med 5,9 procent, precis som upph\u00e4mtning i butik som \u00f6kade med 2,4 procent, enligt branschorganisationen Svensk Dagligvaruhandels Dagligvaruindex.<\/p>\n<p>\n\t\tPublicerad:<br \/>\n\t\t17 dec 2025, 08:00\n\t<\/p>\n","protected":false},"excerpt":{"rendered":"F\u00f6rs\u00e4ljningen i dagligvaruhandeln \u00f6kar i november. Arkvibild. Bild: Adam Ihse\/TT F\u00f6rs\u00e4ljningen i dagligvaruhandeln \u00f6kade med 3,4 procent under&hellip;\n","protected":false},"author":2,"featured_media":108557,"comment_status":"","ping_status":"","sticky":false,"template":"","format":"standard","meta":{"footnotes":""},"categories":[5],"tags":[22,23,26,27,17,21,24,25,28,29,15,16,18,34,31,33,32,30,19,20],"class_list":{"0":"post-108556","1":"post","2":"type-post","3":"status-publish","4":"format-standard","5":"has-post-thumbnail","7":"category-rubriker","8":"tag-breaking-news","9":"tag-breakingnews","10":"tag-featured-news","11":"tag-featurednews","12":"tag-headlines","13":"tag-huvudnyheter","14":"tag-latest-news","15":"tag-latestnews","16":"tag-main-news","17":"tag-mainnews","18":"tag-news","19":"tag-nyheter","20":"tag-rubriker","21":"tag-se","22":"tag-svenska","23":"tag-sverige","24":"tag-sweden","25":"tag-swedish","26":"tag-top-stories","27":"tag-topstories"},"share_on_mastodon":{"url":"https:\/\/pubeurope.com\/@se\/115733743842365974","error":""},"_links":{"self":[{"href":"https:\/\/www.europesays.com\/se\/wp-json\/wp\/v2\/posts\/108556","targetHints":{"allow":["GET"]}}],"collection":[{"href":"https:\/\/www.europesays.com\/se\/wp-json\/wp\/v2\/posts"}],"about":[{"href":"https:\/\/www.europesays.com\/se\/wp-json\/wp\/v2\/types\/post"}],"author":[{"embeddable":true,"href":"https:\/\/www.europesays.com\/se\/wp-json\/wp\/v2\/users\/2"}],"replies":[{"embeddable":true,"href":"https:\/\/www.europesays.com\/se\/wp-json\/wp\/v2\/comments?post=108556"}],"version-history":[{"count":0,"href":"https:\/\/www.europesays.com\/se\/wp-json\/wp\/v2\/posts\/108556\/revisions"}],"wp:featuredmedia":[{"embeddable":true,"href":"https:\/\/www.europesays.com\/se\/wp-json\/wp\/v2\/media\/108557"}],"wp:attachment":[{"href":"https:\/\/www.europesays.com\/se\/wp-json\/wp\/v2\/media?parent=108556"}],"wp:term":[{"taxonomy":"category","embeddable":true,"href":"https:\/\/www.europesays.com\/se\/wp-json\/wp\/v2\/categories?post=108556"},{"taxonomy":"post_tag","embeddable":true,"href":"https:\/\/www.europesays.com\/se\/wp-json\/wp\/v2\/tags?post=108556"}],"curies":[{"name":"wp","href":"https:\/\/api.w.org\/{rel}","templated":true}]}}