{"id":108566,"date":"2025-12-17T07:42:16","date_gmt":"2025-12-17T07:42:16","guid":{"rendered":"https:\/\/www.europesays.com\/se\/108566\/"},"modified":"2025-12-17T07:42:16","modified_gmt":"2025-12-17T07:42:16","slug":"ikvall-pa-tv-julfesten-sparar-ur-i-vild-komedi-fran-2016-stjarnan-blev-canceled-aret-darpa","status":"publish","type":"post","link":"https:\/\/www.europesays.com\/se\/108566\/","title":{"rendered":"Ikv\u00e4ll p\u00e5 tv: Julfesten sp\u00e5rar ur i vild komedi fr\u00e5n 2016 &#8211; stj\u00e4rnan blev canceled \u00e5ret d\u00e4rp\u00e5"},"content":{"rendered":"<p>Med en vecka kvar till julafton (hur h\u00e4nde det ens?) \u00e4r tv-tabl\u00e5n fylld av julfilmer. Ett av kv\u00e4llens b\u00e4sta tips \u00e4r \u201dOffice Christmas Party\u201d fr\u00e5n 2016. H\u00e4r f\u00e5r vi en stj\u00e4rnsp\u00e4ckad komedi med <strong>Jennifer Aniston<\/strong>, <strong>Jason Bateman<\/strong>, <strong>T.J. Miller<\/strong>, <strong>Olivia Munn<\/strong> och <strong>Kate McKinnon<\/strong> i rollistan.<\/p>\n<p>N\u00e4r hans avdelning hotas, st\u00e4ller chefen till med en episk julfest f\u00f6r att s\u00e4kra en ny kund som kan r\u00e4dda deras jobb. Som m\u00e5nga julfester dock, s\u00e5 g\u00e5r festen helt \u00f6verstyr.<\/p>\n<p>Regiss\u00f6rerna bakom \u201dPappa p\u00e5 burk\u201d och \u201dBlades of Glory\u201d har gjort en \u201dBaksm\u00e4llan\u201d-doftande, vild partyfilm kryddad med kokain, 3D-printade genitalier och sex p\u00e5 kontorstoaletten.<\/p>\n<p>MovieZines recensent satte <a href=\"https:\/\/www.moviezine.se\/recensioner\/lattsmalt-julbord-av-kontorsklyschor\" rel=\"nofollow noopener\" target=\"_blank\">3 av 5 julkulor i betyg<\/a>: \u201dJag tror ingen g\u00e5r och ser en s\u00e5dan film med en f\u00f6rv\u00e4ntan att bli omskakad fr\u00e5n grunden, som vilken annan julfest \u00e4r denna helst bortgl\u00f6md dagen efter. Med det sagt bjuds det p\u00e5 tillr\u00e4ckligt med skratt och tuggmotst\u00e5nd f\u00f6r att avnjutas i soffan just dagen efter julfesten.\u201d<\/p>\n<p>\u00c5ret efter biopremi\u00e4ren blev sk\u00e5despelaren T.J. Miller \u201dcanceled\u201d i Hollywood efter <a href=\"https:\/\/thedirect.com\/article\/tj-miller-controversy-deadpool-3-allegations-explained\" target=\"_blank\" rel=\"noreferrer noopener nofollow\">anklagelser<\/a> om sexuella \u00f6vergrepp, n\u00e5got som skulle ha skett \u00e5r 2001. Miller f\u00f6rnekade alla anklagelser, men fick \u00e4nd\u00e5 sparken fr\u00e5n tv-serien \u201dSilicon Valley\u201d och flera andra projekt. Han har inte f\u00e5tt n\u00e5gra nya roller sedan 2021.<\/p>\n<p>H\u00e4r kan du se \u201dOffice Christmas Party\u201d:<\/p>\n<ul class=\"wp-block-list\">\n<li>Ikv\u00e4ll (onsdag) 21:00 p\u00e5 TV6<\/li>\n<li>Repris tisdag 01:50 p\u00e5 TV6<\/li>\n<li>Streama p\u00e5 Netflix<\/li>\n<li>Streama p\u00e5 Viaplay<\/li>\n<\/ul>\n<p>Se trailern nedan.<\/p>\n<p><img loading=\"lazy\" decoding=\"async\" alt=\"YouTube video\" width=\"480\" height=\"360\" data-pin-nopin=\"true\" nopin=\"nopin\" class=\"perfmatters-lazy\" src=\"https:\/\/www.europesays.com\/se\/wp-content\/uploads\/2025\/12\/1765957334_289_hqdefault.jpg\"\/><\/p>\n<p>L\u00e4s ocks\u00e5: <a href=\"https:\/\/www.moviezine.se\/nyheter\/quiz-klarar-du-dessa-15-fragor-om-vara-mest-alskade-julfilmer\" title=\"Quiz: Klarar du dessa 15 fr\u00e5gor om v\u00e5ra mest \u00e4lskade julfilmer?\" class=\"underline-custom !font-montserrat !font-bold !underline-offset-4 !decoration-4 !decoration-moviezine-green !text-md\" rel=\"nofollow noopener\" target=\"_blank\">Quiz: Klarar du dessa 15 fr\u00e5gor om v\u00e5ra mest \u00e4lskade julfilmer?<\/a><\/p>\n<p>L\u00e4s ocks\u00e5: <a href=\"https:\/\/www.moviezine.se\/nyheter\/10-julfilmer-att-upptacka-fran-hela-varlden\" title=\"10 julfilmer att uppt\u00e4cka fr\u00e5n hela v\u00e4rlden\" class=\"underline-custom !font-montserrat !font-bold !underline-offset-4 !decoration-4 !decoration-moviezine-green !text-md\" rel=\"nofollow noopener\" target=\"_blank\">10 julfilmer att uppt\u00e4cka fr\u00e5n hela v\u00e4rlden<\/a><\/p>\n","protected":false},"excerpt":{"rendered":"Med en vecka kvar till julafton (hur h\u00e4nde det ens?) \u00e4r tv-tabl\u00e5n fylld av julfilmer. Ett av kv\u00e4llens&hellip;\n","protected":false},"author":2,"featured_media":108567,"comment_status":"","ping_status":"","sticky":false,"template":"","format":"standard","meta":{"footnotes":""},"categories":[67],"tags":[104,34,31,33,32,30,2768,105],"class_list":{"0":"post-108566","1":"post","2":"type-post","3":"status-publish","4":"format-standard","5":"has-post-thumbnail","7":"category-underhallning","8":"tag-entertainment","9":"tag-se","10":"tag-svenska","11":"tag-sverige","12":"tag-sweden","13":"tag-swedish","14":"tag-tv-tips","15":"tag-underhallning"},"share_on_mastodon":{"url":"https:\/\/pubeurope.com\/@se\/115733787138554700","error":""},"_links":{"self":[{"href":"https:\/\/www.europesays.com\/se\/wp-json\/wp\/v2\/posts\/108566","targetHints":{"allow":["GET"]}}],"collection":[{"href":"https:\/\/www.europesays.com\/se\/wp-json\/wp\/v2\/posts"}],"about":[{"href":"https:\/\/www.europesays.com\/se\/wp-json\/wp\/v2\/types\/post"}],"author":[{"embeddable":true,"href":"https:\/\/www.europesays.com\/se\/wp-json\/wp\/v2\/users\/2"}],"replies":[{"embeddable":true,"href":"https:\/\/www.europesays.com\/se\/wp-json\/wp\/v2\/comments?post=108566"}],"version-history":[{"count":0,"href":"https:\/\/www.europesays.com\/se\/wp-json\/wp\/v2\/posts\/108566\/revisions"}],"wp:featuredmedia":[{"embeddable":true,"href":"https:\/\/www.europesays.com\/se\/wp-json\/wp\/v2\/media\/108567"}],"wp:attachment":[{"href":"https:\/\/www.europesays.com\/se\/wp-json\/wp\/v2\/media?parent=108566"}],"wp:term":[{"taxonomy":"category","embeddable":true,"href":"https:\/\/www.europesays.com\/se\/wp-json\/wp\/v2\/categories?post=108566"},{"taxonomy":"post_tag","embeddable":true,"href":"https:\/\/www.europesays.com\/se\/wp-json\/wp\/v2\/tags?post=108566"}],"curies":[{"name":"wp","href":"https:\/\/api.w.org\/{rel}","templated":true}]}}