{"id":108573,"date":"2025-12-17T07:47:20","date_gmt":"2025-12-17T07:47:20","guid":{"rendered":"https:\/\/www.europesays.com\/se\/108573\/"},"modified":"2025-12-17T07:47:20","modified_gmt":"2025-12-17T07:47:20","slug":"vita-huset-det-lagbakom-storbraket","status":"publish","type":"post","link":"https:\/\/www.europesays.com\/se\/108573\/","title":{"rendered":"Vita huset: Det l\u00e5g\nbakom storbr\u00e5ket"},"content":{"rendered":"<p>Publicerad 17 dec 2025 kl 04.23Uppdaterad kl 06.02<\/p>\n<p>Ett storbr\u00e5k utbr\u00f6t mellan Donald Trump, Volodymyr Zelenskyj och JD Vance i Vita huset.<\/p>\n<p>Vita husets stabschef Susie Wiles h\u00e4vdar att br\u00e5ket orsakades av \u201dohyfsat beteende\u201d fr\u00e5n Zelenskyj och hans f\u00f6lje.<\/p>\n<p>\u2013 Han hade helt enkelt f\u00e5tt nog, s\u00e4ger Wiles till <a href=\"https:\/\/www.vanityfair.com\/news\/story\/trump-susie-wiles-interview-exclusive-part-2\" rel=\"nofollow noopener\" target=\"_blank\">Vanity Fair<\/a> om hur Vance agerade under m\u00f6tet.<\/p>\n<p>Nyheter, intervjuer och reportage om att Donald Trump \u00e4r USA:s president.<img   alt=\"\"\/><\/p>\n<p>Ett storbr\u00e5k utbr\u00f6t mellan Donald Trump, Volodymyr Zelenskyj och JD Vance i Vita huset i februari.<\/p>\n<p>Foto: JIM LO SCALZO \/ POOL \/ EPA EPA POOL<\/p>\n<p>\u00d6ppna bild i helsk\u00e4rm<\/p>\n<p>Det blev hetsig st\u00e4mning n\u00e4r USA:s president <a href=\"https:\/\/www.expressen.se\/tagg\/person\/donald-trump\/\" class=\"\" rel=\"nofollow noopener\" target=\"_blank\">Donald Trump<\/a> och Ukrainas president Volodymyr Zelenskyj m\u00f6ttes i Vita huset i februari. Inf\u00f6r pressuppb\u00e5det i Ovala rummet uppstod ett storbr\u00e5k mellan ledarna och den amerikanske vicepresidenten JD Vance.<\/p>\n<p>\u2013 Du agerar inte alls tacksamt, sade Trump till Zelenskyj.<\/p>\n<p>Trump anklagade Zelenskyj f\u00f6r att \u201dgambla med ett tredje v\u00e4rldskrig\u201d. N\u00e4r Zelenskyj sade att USA f\u00f6rr eller senare ocks\u00e5 kommer att k\u00e4nna konsekvenserna av kriget svarade Trump: \u201dS\u00e4g inte \u00e5t oss vad vi ska k\u00e4nna\u201d.<\/p>\n<p>Vance menade att Zelenskyj \u201dborde tacka\u201d Trump.<\/p>\n<p>\u2013 Har du sagt tack en enda g\u00e5ng under det h\u00e4r m\u00f6tet?, sade Vance till Zelenskyj.<\/p>\n<p>\u201dHade helt enkelt f\u00e5tt nog\u201d<\/p>\n<p>Vita husets stabschef Susie Wiles har nu ber\u00e4ttat att hon s\u00e5g problem v\u00e4xa fram redan f\u00f6re Trumps och Vances \u00f6k\u00e4nda m\u00f6te med Zelenskyj i Ovala rummet.\u00a0<\/p>\n<p>\u2013 Om vi fick g\u00f6ra om det skulle jag inte haft n\u00e5gra kameror d\u00e4r, s\u00e4ger Wiles.<\/p>\n<p>Hon h\u00e4vdar att br\u00e5ket var kulmen p\u00e5 \u201dohyfsat beteende\u201d bakom kulisserna fr\u00e5n Zelenskyj och hans f\u00f6lje. Det ska enligt Wiles ha b\u00f6rjat med att Zelenskyj inte d\u00f6k upp till ett m\u00f6te med amerikanske finansministern Scott Bessent n\u00e4r han bes\u00f6kte Kiev f\u00f6r att f\u00f6rhandla om mineralr\u00e4ttigheter \u2013 och sedan eskalerade det.\u00a0<\/p>\n<p>\u2013 Det var bara en d\u00e5lig st\u00e4mning rakt igenom. Och jag skulle inte s\u00e4ga att JD tappade hum\u00f6ret, f\u00f6r han \u00e4r f\u00f6r kontrollerad f\u00f6r det. Men jag tror att han helt enkelt hade f\u00e5tt nog, s\u00e4ger Wiles.<\/p>\n<p>\u201dTrump tror att Putin vill ha hela Ukraina\u201d<\/p>\n<p>Ang\u00e5ende Trumps och Putins skiftande relation genom \u00e5ren n\u00e4mnde Wiles ledarnas m\u00f6te i Finland 2018.<\/p>\n<p>\u2013 N\u00e4r jag s\u00e5g det p\u00e5 avst\u00e5nd i Helsingfors tyckte jag att det fanns en verklig v\u00e4nskap d\u00e4r, eller \u00e5tminstone en beundran. Men under de telefonsamtal vi haft med Putin har det varit v\u00e4ldigt blandat \u2013 vissa har varit v\u00e4nliga och andra inte, s\u00e4ger Wiles.<\/p>\n<p>Hon uppgav att Trump i samband med f\u00f6rs\u00f6ken att f\u00e5 slut p\u00e5 kriget hade f\u00e5tt h\u00f6ra av experter att om Putin \u201dfick resten av Donetsk\u201d s\u00e5 \u201dskulle han vara n\u00f6jd\u201d. Men hon menade att presidenten sj\u00e4lv inte \u201dk\u00f6pte\u201d resonemanget och inte trodde att Putin faktiskt ville ha fred.<\/p>\n<p>\u2013 Donald Trump tror att Putin vill ha hela Ukraina, s\u00e4ger Wiles.<\/p>\n<p>P\u00e5 Wiles kontor finns ett foto av Trump och Putin tillsammans, signerat av den amerikanske presidenten med orden: \u201dTill Susie, du \u00e4r den b\u00e4sta!\u201d Det \u00e4r undertecknat med \u201dDonald\u201d.<\/p>\n","protected":false},"excerpt":{"rendered":"Publicerad 17 dec 2025 kl 04.23Uppdaterad kl 06.02 Ett storbr\u00e5k utbr\u00f6t mellan Donald Trump, Volodymyr Zelenskyj och JD&hellip;\n","protected":false},"author":2,"featured_media":108574,"comment_status":"","ping_status":"","sticky":false,"template":"","format":"standard","meta":{"footnotes":""},"categories":[5],"tags":[22,23,26,27,17,21,24,25,1340,28,29,15,16,198,363,906,18,34,55,31,33,32,30,19,204,20],"class_list":{"0":"post-108573","1":"post","2":"type-post","3":"status-publish","4":"format-standard","5":"has-post-thumbnail","7":"category-rubriker","8":"tag-breaking-news","9":"tag-breakingnews","10":"tag-featured-news","11":"tag-featurednews","12":"tag-headlines","13":"tag-huvudnyheter","14":"tag-latest-news","15":"tag-latestnews","16":"tag-location-vita-huset","17":"tag-main-news","18":"tag-mainnews","19":"tag-news","20":"tag-nyheter","21":"tag-person-donald-trump","22":"tag-person-jd-vance","23":"tag-person-volodymyr-zelenskyj","24":"tag-rubriker","25":"tag-se","26":"tag-sections-varlden","27":"tag-svenska","28":"tag-sverige","29":"tag-sweden","30":"tag-swedish","31":"tag-top-stories","32":"tag-topic-amerikansk-politik","33":"tag-topstories"},"share_on_mastodon":{"url":"https:\/\/pubeurope.com\/@se\/115733806679677390","error":""},"_links":{"self":[{"href":"https:\/\/www.europesays.com\/se\/wp-json\/wp\/v2\/posts\/108573","targetHints":{"allow":["GET"]}}],"collection":[{"href":"https:\/\/www.europesays.com\/se\/wp-json\/wp\/v2\/posts"}],"about":[{"href":"https:\/\/www.europesays.com\/se\/wp-json\/wp\/v2\/types\/post"}],"author":[{"embeddable":true,"href":"https:\/\/www.europesays.com\/se\/wp-json\/wp\/v2\/users\/2"}],"replies":[{"embeddable":true,"href":"https:\/\/www.europesays.com\/se\/wp-json\/wp\/v2\/comments?post=108573"}],"version-history":[{"count":0,"href":"https:\/\/www.europesays.com\/se\/wp-json\/wp\/v2\/posts\/108573\/revisions"}],"wp:featuredmedia":[{"embeddable":true,"href":"https:\/\/www.europesays.com\/se\/wp-json\/wp\/v2\/media\/108574"}],"wp:attachment":[{"href":"https:\/\/www.europesays.com\/se\/wp-json\/wp\/v2\/media?parent=108573"}],"wp:term":[{"taxonomy":"category","embeddable":true,"href":"https:\/\/www.europesays.com\/se\/wp-json\/wp\/v2\/categories?post=108573"},{"taxonomy":"post_tag","embeddable":true,"href":"https:\/\/www.europesays.com\/se\/wp-json\/wp\/v2\/tags?post=108573"}],"curies":[{"name":"wp","href":"https:\/\/api.w.org\/{rel}","templated":true}]}}